{"id":45066,"date":"2024-10-05T14:04:25","date_gmt":"2024-10-05T14:04:25","guid":{"rendered":"https:\/\/tvbrazilusa.com\/2024\/10\/05\/juiz-coloca-sigilo-em-pedido-de-prisao-de-boulos-para-marcal\/"},"modified":"2024-10-05T14:04:27","modified_gmt":"2024-10-05T14:04:27","slug":"juiz-coloca-sigilo-em-pedido-de-prisao-de-boulos-para-marcal","status":"publish","type":"post","link":"https:\/\/tvbrazilusa.com\/pt\/2024\/10\/05\/juiz-coloca-sigilo-em-pedido-de-prisao-de-boulos-para-marcal\/","title":{"rendered":"Ju\u00edz coloca sigilo em pedido de pris\u00e3o de Boulos para Mar\u00e7al"},"content":{"rendered":"<p> <script async src=\"https:\/\/pagead2.googlesyndication.com\/pagead\/js\/adsbygoogle.js?client=ca-pub-8864793242727901\"\r\n     crossorigin=\"anonymous\"><\/script><br \/>\n<\/p>\n<div id=\"taboola-read-more\" style=\"display:block; width:100%\">\n<p>O juiz Rodrigo Marzola Colombini, da 2\u00aa Zona Eleitoral de S\u00e3o Paulo, determinou neste s\u00e1bado (5) sigilo da not\u00edcia-crime apresentada por Guilherme Boulos (PSOL) com pedido de pris\u00e3o contra Pablo Mar\u00e7al (PRTB).\n<\/p>\n<p>O juiz encaminhou o caso para o n\u00facleo do Ju\u00edzes de Garantia da cidade de S\u00e3o Paulo, onde o Minist\u00e9rio Publico ser\u00e1 chamado a se manifestar por meio da abertura de um inqu\u00e9rito sobre o caso. N\u00e3o h\u00e1 prazo para essa tramita\u00e7\u00e3o.<\/p>\n<p>Na sexta-feira (04), o influenciador Pablo Mar\u00e7al (PRTB) publicou um laudo falso nesta sexta-feira (4) para mais uma vez tentar associar o tamb\u00e9m candidato Guilherme Boulos (PSOL) ao uso de drogas. Uma s\u00e9rie de evid\u00eancias levantadas nas horas seguintes \u00e0 publica\u00e7\u00e3o mostram que o prontu\u00e1rio apresentado foi forjado.\n<\/p>\n<p>Boulos, como antecipou a coluna M\u00f4nica Bergamo, da Folha, pediu \u00e0 Justi\u00e7a a pris\u00e3o do influenciador por falsifica\u00e7\u00e3o de documento.\n<\/p>\n<p>Segundo o documento falso atribu\u00eddo \u00e0 cl\u00ednica Mais Consulta, Boulos teria sido atendido em janeiro de 2021 na unidade do Jabaquara (zona sul de SP) em surto psic\u00f3tico. Ainda segundo o laudo falsificado, o acompanhante do agora candidato do PSOL teria levado um exame toxicol\u00f3gico segundo o qual apontaria a presen\u00e7a de coca\u00edna no sangue do atual deputado.\n<\/p>\n<p>Tamb\u00e9m neste s\u00e1bado, o mesmo juiz da 2\u00aa Zona Eleitoral de S\u00e3o Paulo chamou o laudo de falso e concedeu liminar determinando a pronta exclus\u00e3o de v\u00eddeos publicados nas plataformas Instagram, TikTok e Youtube fazendo refer\u00eancia ao um documento.\n<\/p>\n<p>&#8220;H\u00e1 plausibilidade nas alega\u00e7\u00f5es [dos autores da representa\u00e7\u00e3o], envolvendo n\u00e3o apenas a falsidade do documento, a proximidade do dono da cl\u00ednica em que gerado o documento com o requerido Pablo Mar\u00e7al, documento m\u00e9dico assinado por profissional j\u00e1 falecido e a data em que divulgados tais fatos, justamente na antev\u00e9spera do feito&#8221;, afirmou o juiz.\n<\/p>\n<p>Fonte: Folha de S. Paulo <\/p>\n<\/div>\n<p><br \/>\n<br \/><a href=\"https:\/\/diariodobrasilnoticias.com.br\/noticia\/juiz-coloca-sigilo-em-pedido-de-prisao-de-boulos-para-marcal-670146df4f9c3\">Source link <\/a><\/p>","protected":false},"excerpt":{"rendered":"<p>O juiz Rodrigo Marzola Colombini, da 2\u00aa Zona Eleitoral de S\u00e3o Paulo, determinou neste s\u00e1bado (5) sigilo da not\u00edcia-crime apresentada por Guilherme Boulos (PSOL) com pedido de pris\u00e3o contra Pablo&hellip;<\/p>","protected":false},"author":1,"featured_media":45067,"comment_status":"closed","ping_status":"open","sticky":false,"template":"","format":"standard","meta":{"content-type":"","footnotes":""},"categories":[16],"tags":[123,2448,5313,1267],"class_list":["post-45066","post","type-post","status-publish","format-standard","has-post-thumbnail","hentry","category-noticias","tag-brasil","tag-diario","tag-noticia","tag-noticias"],"_links":{"self":[{"href":"https:\/\/tvbrazilusa.com\/pt\/wp-json\/wp\/v2\/posts\/45066","targetHints":{"allow":["GET"]}}],"collection":[{"href":"https:\/\/tvbrazilusa.com\/pt\/wp-json\/wp\/v2\/posts"}],"about":[{"href":"https:\/\/tvbrazilusa.com\/pt\/wp-json\/wp\/v2\/types\/post"}],"author":[{"embeddable":true,"href":"https:\/\/tvbrazilusa.com\/pt\/wp-json\/wp\/v2\/users\/1"}],"replies":[{"embeddable":true,"href":"https:\/\/tvbrazilusa.com\/pt\/wp-json\/wp\/v2\/comments?post=45066"}],"version-history":[{"count":1,"href":"https:\/\/tvbrazilusa.com\/pt\/wp-json\/wp\/v2\/posts\/45066\/revisions"}],"predecessor-version":[{"id":45068,"href":"https:\/\/tvbrazilusa.com\/pt\/wp-json\/wp\/v2\/posts\/45066\/revisions\/45068"}],"wp:featuredmedia":[{"embeddable":true,"href":"https:\/\/tvbrazilusa.com\/pt\/wp-json\/wp\/v2\/media\/45067"}],"wp:attachment":[{"href":"https:\/\/tvbrazilusa.com\/pt\/wp-json\/wp\/v2\/media?parent=45066"}],"wp:term":[{"taxonomy":"category","embeddable":true,"href":"https:\/\/tvbrazilusa.com\/pt\/wp-json\/wp\/v2\/categories?post=45066"},{"taxonomy":"post_tag","embeddable":true,"href":"https:\/\/tvbrazilusa.com\/pt\/wp-json\/wp\/v2\/tags?post=45066"}],"curies":[{"name":"wp","href":"https:\/\/api.w.org\/{rel}","templated":true}]}}