{"id":45069,"date":"2024-10-05T14:18:54","date_gmt":"2024-10-05T14:18:54","guid":{"rendered":"https:\/\/tvbrazilusa.com\/2024\/10\/05\/a-cada-mes-triplica-o-numero-de-moradores-de-rua-sob-o-governo-lula\/"},"modified":"2024-10-05T14:18:55","modified_gmt":"2024-10-05T14:18:55","slug":"a-cada-mes-triplica-o-numero-de-moradores-de-rua-sob-o-governo-lula","status":"publish","type":"post","link":"https:\/\/tvbrazilusa.com\/pt\/2024\/10\/05\/a-cada-mes-triplica-o-numero-de-moradores-de-rua-sob-o-governo-lula\/","title":{"rendered":"A cada m\u00eas, triplica o n\u00famero de moradores de rua sob o governo Lula"},"content":{"rendered":"<p> <script async src=\"https:\/\/pagead2.googlesyndication.com\/pagead\/js\/adsbygoogle.js?client=ca-pub-8864793242727901\"\r\n     crossorigin=\"anonymous\"><\/script><br \/>\n<\/p>\n<div id=\"taboola-read-more\" style=\"display:block; width:100%\">\n<p>Desde o in\u00edcio do terceiro mandato do presidente Luiz In\u00e1cio Lula da Silva (PT), o n\u00famero de pessoas em situa\u00e7\u00e3o de rua no Brasil triplicou em compara\u00e7\u00e3o ao governo anterior. Entre janeiro de 2023 e julho de 2024, o total de fam\u00edlias vivendo nas ruas passou de 194,3 mil para 291,4 mil, um aumento de 97,1 mil fam\u00edlias. Os dados s\u00e3o da Secretaria de Avalia\u00e7\u00e3o, Gest\u00e3o da Informa\u00e7\u00e3o e Cadastro \u00danico (Sagicad), vinculada ao Minist\u00e9rio do Desenvolvimento Social e Combate \u00e0 Fome.\n<\/p>\n<p>Em apenas 15 meses de governo, o n\u00famero de fam\u00edlias em situa\u00e7\u00e3o de rua j\u00e1 havia ultrapassado o crescimento registrado durante todo o governo de Jair Bolsonaro (PL) (2019-2022). Durante o mandato de Bolsonaro, o Cadastro \u00danico registrou um aumento de 77,5 mil fam\u00edlias morando nas ruas.<\/p>\n<p>Sob o governo Bolsonaro, a m\u00e9dia mensal de novas fam\u00edlias vivendo nas ruas era de 1.660. Com Lula, essa m\u00e9dia subiu para 5.264 at\u00e9 julho de 2024. O maior aumento foi registrado em dezembro de 2023, quando 10 mil novas fam\u00edlias foram inclu\u00eddas na lista de popula\u00e7\u00e3o de rua. Outros meses com aumentos significativos foram setembro de 2023, com 8,8 mil novas fam\u00edlias, e novembro do mesmo ano, com 8,5 mil. Em 2024, abril registrou o maior n\u00famero, com 7.356 novas fam\u00edlias.\n<\/p>\n<p>A an\u00e1lise dos dados considera o n\u00famero de fam\u00edlias, pois o Sagicad s\u00f3 fornece essa informa\u00e7\u00e3o mensalmente. No entanto, de acordo com o governo, 92% das fam\u00edlias registradas como em situa\u00e7\u00e3o de rua s\u00e3o compostas por apenas uma pessoa. As informa\u00e7\u00f5es s\u00e3o da Gazeta do Povo.\n<\/p>\n<p>O Minist\u00e9rio do Desenvolvimento Social e Combate \u00e0 Fome e o Minist\u00e9rio dos Direitos Humanos e da Cidadania n\u00e3o responderam sobre as poss\u00edveis causas para o aumento no n\u00famero de pessoas em situa\u00e7\u00e3o de rua no Brasil.\n<\/p>\n<p>Fonte: Pleno.News <\/p>\n<\/div>\n<p><br \/>\n<br \/><a href=\"https:\/\/diariodobrasilnoticias.com.br\/noticia\/a-cada-mes-triplica-o-numero-de-moradores-de-rua-sob-o-governo-lula-6701489c88828\">Source link <\/a><\/p>","protected":false},"excerpt":{"rendered":"<p>Desde o in\u00edcio do terceiro mandato do presidente Luiz In\u00e1cio Lula da Silva (PT), o n\u00famero de pessoas em situa\u00e7\u00e3o de rua no Brasil triplicou em compara\u00e7\u00e3o ao governo anterior.&hellip;<\/p>","protected":false},"author":1,"featured_media":45070,"comment_status":"closed","ping_status":"open","sticky":false,"template":"","format":"standard","meta":{"content-type":"","footnotes":""},"categories":[16],"tags":[123,2448,5313,1267],"class_list":["post-45069","post","type-post","status-publish","format-standard","has-post-thumbnail","hentry","category-noticias","tag-brasil","tag-diario","tag-noticia","tag-noticias"],"_links":{"self":[{"href":"https:\/\/tvbrazilusa.com\/pt\/wp-json\/wp\/v2\/posts\/45069","targetHints":{"allow":["GET"]}}],"collection":[{"href":"https:\/\/tvbrazilusa.com\/pt\/wp-json\/wp\/v2\/posts"}],"about":[{"href":"https:\/\/tvbrazilusa.com\/pt\/wp-json\/wp\/v2\/types\/post"}],"author":[{"embeddable":true,"href":"https:\/\/tvbrazilusa.com\/pt\/wp-json\/wp\/v2\/users\/1"}],"replies":[{"embeddable":true,"href":"https:\/\/tvbrazilusa.com\/pt\/wp-json\/wp\/v2\/comments?post=45069"}],"version-history":[{"count":1,"href":"https:\/\/tvbrazilusa.com\/pt\/wp-json\/wp\/v2\/posts\/45069\/revisions"}],"predecessor-version":[{"id":45071,"href":"https:\/\/tvbrazilusa.com\/pt\/wp-json\/wp\/v2\/posts\/45069\/revisions\/45071"}],"wp:featuredmedia":[{"embeddable":true,"href":"https:\/\/tvbrazilusa.com\/pt\/wp-json\/wp\/v2\/media\/45070"}],"wp:attachment":[{"href":"https:\/\/tvbrazilusa.com\/pt\/wp-json\/wp\/v2\/media?parent=45069"}],"wp:term":[{"taxonomy":"category","embeddable":true,"href":"https:\/\/tvbrazilusa.com\/pt\/wp-json\/wp\/v2\/categories?post=45069"},{"taxonomy":"post_tag","embeddable":true,"href":"https:\/\/tvbrazilusa.com\/pt\/wp-json\/wp\/v2\/tags?post=45069"}],"curies":[{"name":"wp","href":"https:\/\/api.w.org\/{rel}","templated":true}]}}