{"id":4508,"date":"2024-07-20T12:45:00","date_gmt":"2024-07-20T12:45:00","guid":{"rendered":"https:\/\/tvbrazilusa.com\/2024\/07\/20\/byd-e2-o-carro-eletrico-mais-acessivel-do-brasil\/"},"modified":"2024-07-20T12:45:30","modified_gmt":"2024-07-20T12:45:30","slug":"byd-e2-o-carro-eletrico-mais-acessivel-do-brasil","status":"publish","type":"post","link":"https:\/\/tvbrazilusa.com\/pt\/2024\/07\/20\/byd-e2-o-carro-eletrico-mais-acessivel-do-brasil\/","title":{"rendered":"BYD e2: o carro el\u00e9trico mais acess\u00edvel do Brasil!"},"content":{"rendered":"<p> <script async src=\"https:\/\/pagead2.googlesyndication.com\/pagead\/js\/adsbygoogle.js?client=ca-pub-8864793242727901\"\r\n     crossorigin=\"anonymous\"><\/script><br \/>\n<\/p>\n<div>\n<p>Em um cen\u00e1rio com constantes atualiza\u00e7\u00f5es de pre\u00e7os, a BYD segue um caminho inovador, oferecendo uma alternativa mais acess\u00edvel no pre\u00e7o de seu modelo <strong>e2<\/strong>. A estrat\u00e9gia n\u00e3o apenas atrai a aten\u00e7\u00e3o do mercado mas tamb\u00e9m indica um poss\u00edvel caminho para o setor.<\/p>\n<p>O<strong> BYD e2<\/strong>, um ve\u00edculo el\u00e9trico bem recebido por sua efici\u00eancia e design, teve seu pre\u00e7o inicial reajustado de 102.800 yuans para 89.900 yuans. Em convers\u00e3o direta, isso representa cerca de R$ 63.260, tornando-o compar\u00e1vel em custo aos populares Mobi e Kwid no Brasil, que est\u00e3o na faixa de R$ 72 mil. Tal ajuste de pre\u00e7o eleva o <strong>e2<\/strong> a uma posi\u00e7\u00e3o competitiva no mercado automotivo.<\/p>\n<h2>Qual a relev\u00e2ncia do BYD e2 ter seu pre\u00e7o reduzido?<\/h2>\n<p>O <strong>e2<\/strong> integra a linha exclusiva de ve\u00edculos 100% el\u00e9tricos da BYD, equipado com um motor el\u00e9trico de 95 cv e 18,3 mkgf de torque. Com uma bateria de \u00edons de l\u00edtio de 43,2 kWh, ele oferece uma autonomia impressionante que pode chegar at\u00e9 405 km com uma \u00fanica carga completa.<\/p>\n<p>Essa estrat\u00e9gia de precifica\u00e7\u00e3o competitiva poderia mudar as din\u00e2micas do mercado internacional de carros el\u00e9tricos, tornando-os mais acess\u00edveis a uma gama maior de consumidores. Al\u00e9m disso, a redu\u00e7\u00e3o do pre\u00e7o sugere uma forte aposta da BYD em efici\u00eancia produtiva e resposta \u00e0s demandas de um mercado altamente sens\u00edvel a pre\u00e7os.<\/p>\n<h2>Compara\u00e7\u00e3o com outros modelos no mercado<\/h2>\n<p>Na competi\u00e7\u00e3o direta com modelos como o Citro\u00ebn C3, continua com pre\u00e7o atraente, o <strong>BYD e2<\/strong> se destaca pelo conjunto t\u00e9cnico e autonomia superior. Al\u00e9m disso, seu design inovador e caracter\u00edsticas tecnol\u00f3gicas como a central multim\u00eddia com tela flutuante e rotativa e o painel totalmente digital colocam o <strong>e2<\/strong> em um patamar de destaque dentro de sua categoria.<\/p>\n<h2>Mais do que um carro: um \u00edcone de tecnologia<\/h2>\n<p>Internamente, o <strong>BYD e2<\/strong> n\u00e3o deixa a desejar em termos de inova\u00e7\u00e3o e conforto. O ve\u00edculo possui recursos como uma central multim\u00eddia avan\u00e7ada e um interior que mescla conforto e modernidade. Seus bancos de couro e a disposi\u00e7\u00e3o ergon\u00f4mica dos controles s\u00e3o pensados para uma experi\u00eancia excepcional de condu\u00e7\u00e3o.<\/p>\n<p>A decis\u00e3o da BYD de reajustar o pre\u00e7o do <strong>e2<\/strong>, projetada para melhorar sua acessibilidade no mercado, reflete um entendimento do papel dos ve\u00edculos el\u00e9tricos no futuro da mobilidade urbana. Enquanto outras montadoras mant\u00e9m ou aumentam seus pre\u00e7os, a BYD arrisca uma estrat\u00e9gia competitiva que pode, remodelar expectativas e tend\u00eancias na ind\u00fastria automotiva global.<\/p>\n<\/p><\/div>\n<p><br \/>\n<br \/><a href=\"https:\/\/terrabrasilnoticias.com\/2024\/07\/byd-e2-o-carro-eletrico-mais-acessivel-do-brasil\/\">Source link <\/a><\/p>","protected":false},"excerpt":{"rendered":"<p>Em um cen\u00e1rio com constantes atualiza\u00e7\u00f5es de pre\u00e7os, a BYD segue um caminho inovador, oferecendo uma alternativa mais acess\u00edvel no pre\u00e7o de seu modelo e2. A estrat\u00e9gia n\u00e3o apenas atrai&hellip;<\/p>","protected":false},"author":1,"featured_media":4509,"comment_status":"closed","ping_status":"open","sticky":false,"template":"","format":"standard","meta":{"content-type":"","footnotes":""},"categories":[16],"tags":[],"class_list":["post-4508","post","type-post","status-publish","format-standard","has-post-thumbnail","hentry","category-noticias"],"_links":{"self":[{"href":"https:\/\/tvbrazilusa.com\/pt\/wp-json\/wp\/v2\/posts\/4508","targetHints":{"allow":["GET"]}}],"collection":[{"href":"https:\/\/tvbrazilusa.com\/pt\/wp-json\/wp\/v2\/posts"}],"about":[{"href":"https:\/\/tvbrazilusa.com\/pt\/wp-json\/wp\/v2\/types\/post"}],"author":[{"embeddable":true,"href":"https:\/\/tvbrazilusa.com\/pt\/wp-json\/wp\/v2\/users\/1"}],"replies":[{"embeddable":true,"href":"https:\/\/tvbrazilusa.com\/pt\/wp-json\/wp\/v2\/comments?post=4508"}],"version-history":[{"count":1,"href":"https:\/\/tvbrazilusa.com\/pt\/wp-json\/wp\/v2\/posts\/4508\/revisions"}],"predecessor-version":[{"id":4510,"href":"https:\/\/tvbrazilusa.com\/pt\/wp-json\/wp\/v2\/posts\/4508\/revisions\/4510"}],"wp:featuredmedia":[{"embeddable":true,"href":"https:\/\/tvbrazilusa.com\/pt\/wp-json\/wp\/v2\/media\/4509"}],"wp:attachment":[{"href":"https:\/\/tvbrazilusa.com\/pt\/wp-json\/wp\/v2\/media?parent=4508"}],"wp:term":[{"taxonomy":"category","embeddable":true,"href":"https:\/\/tvbrazilusa.com\/pt\/wp-json\/wp\/v2\/categories?post=4508"},{"taxonomy":"post_tag","embeddable":true,"href":"https:\/\/tvbrazilusa.com\/pt\/wp-json\/wp\/v2\/tags?post=4508"}],"curies":[{"name":"wp","href":"https:\/\/api.w.org\/{rel}","templated":true}]}}