{"id":45102,"date":"2024-10-05T16:01:14","date_gmt":"2024-10-05T16:01:14","guid":{"rendered":"https:\/\/tvbrazilusa.com\/2024\/10\/05\/por-ciumes-candidato-a-vereador-mata-sua-esposa-caso-aconteceu-em-anita-garibaldi-sc\/"},"modified":"2024-10-05T16:01:19","modified_gmt":"2024-10-05T16:01:19","slug":"por-ciumes-candidato-a-vereador-mata-sua-esposa-caso-aconteceu-em-anita-garibaldi-sc","status":"publish","type":"post","link":"https:\/\/tvbrazilusa.com\/pt\/2024\/10\/05\/por-ciumes-candidato-a-vereador-mata-sua-esposa-caso-aconteceu-em-anita-garibaldi-sc\/","title":{"rendered":"Por ci\u00fames, candidato a vereador mata sua esposa; caso aconteceu em Anita Garibaldi, SC"},"content":{"rendered":"<p> <script async src=\"https:\/\/pagead2.googlesyndication.com\/pagead\/js\/adsbygoogle.js?client=ca-pub-8864793242727901\"\r\n     crossorigin=\"anonymous\"><\/script><br \/>\n<\/p>\n<div id=\"taboola-read-more\" style=\"display:block; width:100%\">\n<p>Um candidato a vereador de Anita Garibaldi, em Santa Catarina, \u00e9 suspeito de matar a companheira de 25 anos a facadas. O crime ocorreu na madrugada desta sexta-feira (4), por volta de 1h30, no bairro Gl\u00f3ria.\n<\/p>\n<p>O suspeito, identificado como Luis Carlos Santos Varela, de 34 anos, era candidato a vereador pelo partido Republicanos e, segundo o portal ND+, a Pol\u00edcia Militar de Santa Catarina (PMSC) disse que o autor se matou ap\u00f3s o crime.<\/p>\n<p>De acordo com a PMSC, o caso foi registrado como feminic\u00eddio. A v\u00edtima, Cristiane Aguiar, chegou a ser socorrida e levada para um hospital da regi\u00e3o, mas n\u00e3o resistiu aos ferimentos. O corpo ser\u00e1 submetido a per\u00edcia para determinar a quantidade de golpes sofridos.\n<\/p>\n<p>A Pol\u00edcia Civil de Santa Catarina (PCSC) informou que o crime teria sido motivado por ci\u00fames. Os filhos do casal, de 6 e 8 anos, estavam presentes na resid\u00eancia, mas n\u00e3o presenciaram a morte da m\u00e3e, segundo os investigadores. A pol\u00edcia tamb\u00e9m afirmou que a v\u00edtima j\u00e1 havia solicitado uma medida protetiva contra o agressor, mas decidiu retirar o pedido e retomou o relacionamento com ele.\n<\/p>\n<p>As investiga\u00e7\u00f5es seguem em andamento, e os materiais est\u00e3o sendo analisados para esclarecer as circunst\u00e2ncias do ocorrido.\n<\/p>\n<p><strong>Nota do Republicanos na \u00edntegra<\/strong>\n<\/p>\n<p>\u201cA Executiva Estadual do Republicanos lamenta profundamente o tr\u00e1gico ocorrido envolvendo o candidato a vereador Lu\u00eds Carlos Santos Varela. O partido repudia qualquer ato de viol\u00eancia, especialmente contra mulheres, e refor\u00e7a seu compromisso com a defesa da vida, da dignidade humana e dos valores que sempre pautaram nossa atua\u00e7\u00e3o. Estamos acompanhando as investiga\u00e7\u00f5es e confiamos na justi\u00e7a para a devida apura\u00e7\u00e3o dos fatos. Nossa solidariedade \u00e0 v\u00edtima e aos familiares\u201d.\n<\/p>\n<p>Fonte: RIC <\/p>\n<\/div>\n<p><br \/>\n<br \/><a href=\"https:\/\/diariodobrasilnoticias.com.br\/noticia\/por-ciumes-candidato-a-vereador-mata-sua-esposa-caso-aconteceu-em-anita-garibaldi-sc-6701613964de5\">Source link <\/a><\/p>","protected":false},"excerpt":{"rendered":"<p>Um candidato a vereador de Anita Garibaldi, em Santa Catarina, \u00e9 suspeito de matar a companheira de 25 anos a facadas. O crime ocorreu na madrugada desta sexta-feira (4), por&hellip;<\/p>","protected":false},"author":1,"featured_media":45103,"comment_status":"closed","ping_status":"open","sticky":false,"template":"","format":"standard","meta":{"content-type":"","footnotes":""},"categories":[16],"tags":[123,2448,5313,1267],"class_list":["post-45102","post","type-post","status-publish","format-standard","has-post-thumbnail","hentry","category-noticias","tag-brasil","tag-diario","tag-noticia","tag-noticias"],"_links":{"self":[{"href":"https:\/\/tvbrazilusa.com\/pt\/wp-json\/wp\/v2\/posts\/45102","targetHints":{"allow":["GET"]}}],"collection":[{"href":"https:\/\/tvbrazilusa.com\/pt\/wp-json\/wp\/v2\/posts"}],"about":[{"href":"https:\/\/tvbrazilusa.com\/pt\/wp-json\/wp\/v2\/types\/post"}],"author":[{"embeddable":true,"href":"https:\/\/tvbrazilusa.com\/pt\/wp-json\/wp\/v2\/users\/1"}],"replies":[{"embeddable":true,"href":"https:\/\/tvbrazilusa.com\/pt\/wp-json\/wp\/v2\/comments?post=45102"}],"version-history":[{"count":1,"href":"https:\/\/tvbrazilusa.com\/pt\/wp-json\/wp\/v2\/posts\/45102\/revisions"}],"predecessor-version":[{"id":45104,"href":"https:\/\/tvbrazilusa.com\/pt\/wp-json\/wp\/v2\/posts\/45102\/revisions\/45104"}],"wp:featuredmedia":[{"embeddable":true,"href":"https:\/\/tvbrazilusa.com\/pt\/wp-json\/wp\/v2\/media\/45103"}],"wp:attachment":[{"href":"https:\/\/tvbrazilusa.com\/pt\/wp-json\/wp\/v2\/media?parent=45102"}],"wp:term":[{"taxonomy":"category","embeddable":true,"href":"https:\/\/tvbrazilusa.com\/pt\/wp-json\/wp\/v2\/categories?post=45102"},{"taxonomy":"post_tag","embeddable":true,"href":"https:\/\/tvbrazilusa.com\/pt\/wp-json\/wp\/v2\/tags?post=45102"}],"curies":[{"name":"wp","href":"https:\/\/api.w.org\/{rel}","templated":true}]}}