{"id":45135,"date":"2024-10-05T17:07:43","date_gmt":"2024-10-05T17:07:43","guid":{"rendered":"https:\/\/tvbrazilusa.com\/2024\/10\/05\/em-primeiro-voo-aviao-da-fab-decola-do-libano-com-229-brasileiros-repatriados\/"},"modified":"2024-10-05T17:07:44","modified_gmt":"2024-10-05T17:07:44","slug":"em-primeiro-voo-aviao-da-fab-decola-do-libano-com-229-brasileiros-repatriados","status":"publish","type":"post","link":"https:\/\/tvbrazilusa.com\/pt\/2024\/10\/05\/em-primeiro-voo-aviao-da-fab-decola-do-libano-com-229-brasileiros-repatriados\/","title":{"rendered":"Em primeiro voo, avi\u00e3o da FAB decola do L\u00edbano com 229 brasileiros repatriados"},"content":{"rendered":"<p> <script async src=\"https:\/\/pagead2.googlesyndication.com\/pagead\/js\/adsbygoogle.js?client=ca-pub-8864793242727901\"\r\n     crossorigin=\"anonymous\"><\/script><br \/>\n<\/p>\n<div id=\"taboola-read-more\" style=\"display:block; width:100%\">\n<p>O avi\u00e3o da For\u00e7a A\u00e9rea Brasileira (FAB) que far\u00e1 o primeiro voo de repatria\u00e7\u00e3o de brasileiros no L\u00edbano decolou de Beirute, capital libanesa, levando 229 passageiros neste s\u00e1bado (5).\n<\/p>\n<p>A aeronave far\u00e1 uma parada t\u00e9cnica para abastecer na cidade de Lisboa, em Portugal, e segue para o Brasil. A previs\u00e3o de chegada em territ\u00f3rio brasileiro \u00e9 neste domingo (6), na Base A\u00e9rea de Guarulhos (SP).<\/p>\n<p>De acordo com informa\u00e7\u00f5es da FAB, 229 pessoas embarcaram no voo, das quais 10 s\u00e3o crian\u00e7as de colo. Al\u00e9m disso, tamb\u00e9m viajam tr\u00eas animais dom\u00e9sticos.\n<\/p>\n<p>H\u00e1 a previs\u00e3o de que, ap\u00f3s a chegada ao Brasil, a aeronave retorne para buscar uma nova lista de cidad\u00e3os que pediram ajuda do governo federal para deixar a zona de conflito entre Israel e o grupo extremista Hezbollah.\n<\/p>\n<p><strong>Opera\u00e7\u00e3o Ra\u00edzes do Cedro<\/strong>\n<\/p>\n<p>A aeronave, do modelo KC-30, que faz parte da opera\u00e7\u00e3o de resgate batizada de Ra\u00edzes do Cedro decolou da Base A\u00e9rea do Gale\u00e3o, no Rio de Janeiro, na madrugada de quarta-feira (2) e chegou a Portugal na manh\u00e3 do mesmo dia.\n<\/p>\n<p>A previs\u00e3o era que este primeiro voo partisse na sexta-feira (4), mas a viagem acabou adiada por raz\u00f5es de seguran\u00e7a, e foi remarcada para a manh\u00e3 deste s\u00e1bado.\n<\/p>\n<p>Ao todo, quase 3 mil pessoas demonstraram disposi\u00e7\u00e3o para voltar ao Brasil. A maioria \u00e9 de moradores do Vale do Bekaa e da capital, Beirute.<br \/>O brigadeiro Marcelo Damasceno, comandante da Aeron\u00e1utica, informou que o Brasil tem capacidade para buscar 500 pessoas por semana no L\u00edbano.\n<\/p>\n<p>O Minist\u00e9rio das Rela\u00e7\u00f5es Exteriores (MRE), por meio da embaixada em Beirute, segue em contato com os brasileiros que est\u00e3o em territ\u00f3rio liban\u00eas para organizar novas opera\u00e7\u00f5es de repatria\u00e7\u00e3o.\n<\/p>\n<p><strong>Conflito armado<\/strong>\n<\/p>\n<p>O L\u00edbano tem sido alvo de bombardeios a\u00e9reos do Israel, que mira alvos do grupo extremista Hezbollah em territ\u00f3rio liban\u00eas.\n<\/p>\n<p>Os ataques t\u00eam atingido tamb\u00e9m civis, e dois cidad\u00e3os brasileiros j\u00e1 morreram desde a intensifica\u00e7\u00e3o dos combates a partir do dia 20 de setembro.\n<\/p>\n<p>Na madrugada deste s\u00e1bado (5), as For\u00e7as de Defesa de Israel tentaram uma nova opera\u00e7\u00e3o por terra. O grupo extremista Hezbollah disse que militares israelenses tentaram se infiltrar em uma cidade do sul do pa\u00eds, o que resultou em conflitos armados. Al\u00e9m disso, Beirute voltou a ser bombardeada.\n<\/p>\n<p>Desde a segunda-feira passada (23), o Itamaraty discute a necessidade de uma opera\u00e7\u00e3o de repatria\u00e7\u00e3o. O grande ponto era a op\u00e7\u00e3o por qual rota seria usada para o resgate.\n<\/p>\n<p>A embaixada em Beirute est\u00e1 fazendo consultas com comunidade local desde ter\u00e7a-feira da semana passada, e a procura de brasileiros que querem voltar ao pa\u00eds tem aumentado dia ap\u00f3s dia.\n<\/p>\n<p>Segundo fonte do Itamaraty, os n\u00fameros tendem a oscilar porque algumas fam\u00edlias desistem, outras conseguem sair por conta pr\u00f3pria e outras podem entrar na lista em decorr\u00eancia do aumento dos riscos.\n<\/p>\n<p>Em 2006, \u00faltima grande crise militar entre Israel e Hezbollah, cerca de 3 mil brasileiros deixaram o L\u00edbano.\n<\/p>\n<p>Fonte: g1 <\/p>\n<\/div>\n<p><br \/>\n<br \/><a href=\"https:\/\/diariodobrasilnoticias.com.br\/noticia\/em-primeiro-voo-aviao-da-fab-decola-do-libano-com-229-brasileiros-repatriados-67016fc9863fd\">Source link <\/a><\/p>","protected":false},"excerpt":{"rendered":"<p>O avi\u00e3o da For\u00e7a A\u00e9rea Brasileira (FAB) que far\u00e1 o primeiro voo de repatria\u00e7\u00e3o de brasileiros no L\u00edbano decolou de Beirute, capital libanesa, levando 229 passageiros neste s\u00e1bado (5). A&hellip;<\/p>","protected":false},"author":1,"featured_media":45136,"comment_status":"closed","ping_status":"open","sticky":false,"template":"","format":"standard","meta":{"content-type":"","footnotes":""},"categories":[16],"tags":[123,2448,5313,1267],"class_list":["post-45135","post","type-post","status-publish","format-standard","has-post-thumbnail","hentry","category-noticias","tag-brasil","tag-diario","tag-noticia","tag-noticias"],"_links":{"self":[{"href":"https:\/\/tvbrazilusa.com\/pt\/wp-json\/wp\/v2\/posts\/45135","targetHints":{"allow":["GET"]}}],"collection":[{"href":"https:\/\/tvbrazilusa.com\/pt\/wp-json\/wp\/v2\/posts"}],"about":[{"href":"https:\/\/tvbrazilusa.com\/pt\/wp-json\/wp\/v2\/types\/post"}],"author":[{"embeddable":true,"href":"https:\/\/tvbrazilusa.com\/pt\/wp-json\/wp\/v2\/users\/1"}],"replies":[{"embeddable":true,"href":"https:\/\/tvbrazilusa.com\/pt\/wp-json\/wp\/v2\/comments?post=45135"}],"version-history":[{"count":1,"href":"https:\/\/tvbrazilusa.com\/pt\/wp-json\/wp\/v2\/posts\/45135\/revisions"}],"predecessor-version":[{"id":45137,"href":"https:\/\/tvbrazilusa.com\/pt\/wp-json\/wp\/v2\/posts\/45135\/revisions\/45137"}],"wp:featuredmedia":[{"embeddable":true,"href":"https:\/\/tvbrazilusa.com\/pt\/wp-json\/wp\/v2\/media\/45136"}],"wp:attachment":[{"href":"https:\/\/tvbrazilusa.com\/pt\/wp-json\/wp\/v2\/media?parent=45135"}],"wp:term":[{"taxonomy":"category","embeddable":true,"href":"https:\/\/tvbrazilusa.com\/pt\/wp-json\/wp\/v2\/categories?post=45135"},{"taxonomy":"post_tag","embeddable":true,"href":"https:\/\/tvbrazilusa.com\/pt\/wp-json\/wp\/v2\/tags?post=45135"}],"curies":[{"name":"wp","href":"https:\/\/api.w.org\/{rel}","templated":true}]}}