{"id":45138,"date":"2024-10-05T17:19:54","date_gmt":"2024-10-05T17:19:54","guid":{"rendered":"https:\/\/tvbrazilusa.com\/2024\/10\/05\/jose-dirceu-que-foi-preso-no-escandalo-do-mensalao-diz-que-vai-consultar-a\/"},"modified":"2024-10-05T17:19:55","modified_gmt":"2024-10-05T17:19:55","slug":"jose-dirceu-que-foi-preso-no-escandalo-do-mensalao-diz-que-vai-consultar-a","status":"publish","type":"post","link":"https:\/\/tvbrazilusa.com\/pt\/2024\/10\/05\/jose-dirceu-que-foi-preso-no-escandalo-do-mensalao-diz-que-vai-consultar-a\/","title":{"rendered":"Jos\u00e9 Dirceu, que foi preso no esc\u00e2ndalo do Mensal\u00e3o, diz que vai consultar a"},"content":{"rendered":"<p> <script async src=\"https:\/\/pagead2.googlesyndication.com\/pagead\/js\/adsbygoogle.js?client=ca-pub-8864793242727901\"\r\n     crossorigin=\"anonymous\"><\/script><br \/>\n<\/p>\n<div id=\"taboola-read-more\" style=\"display:block; width:100%\">\n<p>Jos\u00e9 Dirceu, ministro-chefe da Casa Civil durante o 1\u00ba mandato do presidente Luiz In\u00e1cio Lula da Silva (PT), disse ao Poder360 neste s\u00e1bado (5.out.2024) que pensa em voltar \u00e0 pol\u00edtica em 2026, concorrendo a deputado federal.\n<\/p>\n<p>\u201cNo final de 2025 eu vou consultar a \u2018companheirada\u2019, o presidente e a dire\u00e7\u00e3o do PT e vou tomar uma decis\u00e3o, se me candidato ou n\u00e3o a deputado federal por S\u00e3o Paulo em 2026\u201d, declarou o ex-ministro de Lula.<\/p>\n<p>Dirceu esteve nesta manh\u00e3 em S\u00e3o Paulo no ato com o presidente e com o deputado federal Guilherme Boulos (Psol-SP), candidato \u00e0 prefeitura da capital. Disse que no momento \u201cest\u00e1 muito bem\u201d como militante do PT e trabalhando nos bastidores nessa elei\u00e7\u00e3o municipal para apoiar a chapa conjunta com o Psol em S\u00e3o Paulo. No entanto, destacou que uma eventual candidatura para a C\u00e2mara dos Deputados seria feita por merecimento.\n<\/p>\n<p>\u201cAcho que, como dizem para mim toda hora na rua, at\u00e9 por justi\u00e7a eu mere\u00e7o ser candidato e, se o povo me der a chance, ter um novo mandato. Continuar o mandato, n\u00e9, porque fui eleito 3 vezes deputado federal, fui cassado sem provas, uma cassa\u00e7\u00e3o pol\u00edtica que j\u00e1 at\u00e9 transitou em julgado\u201d, afirmou.\n<\/p>\n<p>Fonte: Poder360 <\/p>\n<\/div>\n<p><br \/>\n<br \/><a href=\"https:\/\/diariodobrasilnoticias.com.br\/noticia\/jose-dirceu-que-foi-preso-no-escandalo-do-mensalao-diz-que-vai-consultar-a-companheirada-para-viabilizar-candidatura-a-deputado-federal-em-2026-6701715890f43\">Source link <\/a><\/p>","protected":false},"excerpt":{"rendered":"<p>Jos\u00e9 Dirceu, ministro-chefe da Casa Civil durante o 1\u00ba mandato do presidente Luiz In\u00e1cio Lula da Silva (PT), disse ao Poder360 neste s\u00e1bado (5.out.2024) que pensa em voltar \u00e0 pol\u00edtica&hellip;<\/p>","protected":false},"author":1,"featured_media":45139,"comment_status":"closed","ping_status":"open","sticky":false,"template":"","format":"standard","meta":{"content-type":"","footnotes":""},"categories":[16],"tags":[123,2448,5313,1267],"class_list":["post-45138","post","type-post","status-publish","format-standard","has-post-thumbnail","hentry","category-noticias","tag-brasil","tag-diario","tag-noticia","tag-noticias"],"_links":{"self":[{"href":"https:\/\/tvbrazilusa.com\/pt\/wp-json\/wp\/v2\/posts\/45138","targetHints":{"allow":["GET"]}}],"collection":[{"href":"https:\/\/tvbrazilusa.com\/pt\/wp-json\/wp\/v2\/posts"}],"about":[{"href":"https:\/\/tvbrazilusa.com\/pt\/wp-json\/wp\/v2\/types\/post"}],"author":[{"embeddable":true,"href":"https:\/\/tvbrazilusa.com\/pt\/wp-json\/wp\/v2\/users\/1"}],"replies":[{"embeddable":true,"href":"https:\/\/tvbrazilusa.com\/pt\/wp-json\/wp\/v2\/comments?post=45138"}],"version-history":[{"count":1,"href":"https:\/\/tvbrazilusa.com\/pt\/wp-json\/wp\/v2\/posts\/45138\/revisions"}],"predecessor-version":[{"id":45140,"href":"https:\/\/tvbrazilusa.com\/pt\/wp-json\/wp\/v2\/posts\/45138\/revisions\/45140"}],"wp:featuredmedia":[{"embeddable":true,"href":"https:\/\/tvbrazilusa.com\/pt\/wp-json\/wp\/v2\/media\/45139"}],"wp:attachment":[{"href":"https:\/\/tvbrazilusa.com\/pt\/wp-json\/wp\/v2\/media?parent=45138"}],"wp:term":[{"taxonomy":"category","embeddable":true,"href":"https:\/\/tvbrazilusa.com\/pt\/wp-json\/wp\/v2\/categories?post=45138"},{"taxonomy":"post_tag","embeddable":true,"href":"https:\/\/tvbrazilusa.com\/pt\/wp-json\/wp\/v2\/tags?post=45138"}],"curies":[{"name":"wp","href":"https:\/\/api.w.org\/{rel}","templated":true}]}}