{"id":45141,"date":"2024-10-05T17:36:21","date_gmt":"2024-10-05T17:36:21","guid":{"rendered":"https:\/\/tvbrazilusa.com\/2024\/10\/05\/o-oposicionista-edmundo-gonzales-diz-que-tomara-posse-em-janeiro-de-2025-e-sera-o-novo-presidente-venezuelano\/"},"modified":"2024-10-05T17:36:22","modified_gmt":"2024-10-05T17:36:22","slug":"o-oposicionista-edmundo-gonzales-diz-que-tomara-posse-em-janeiro-de-2025-e-sera-o-novo-presidente-venezuelano","status":"publish","type":"post","link":"https:\/\/tvbrazilusa.com\/pt\/2024\/10\/05\/o-oposicionista-edmundo-gonzales-diz-que-tomara-posse-em-janeiro-de-2025-e-sera-o-novo-presidente-venezuelano\/","title":{"rendered":"O oposicionista Edmundo Gonz\u00e1les diz que tomar\u00e1 posse em janeiro de 2025 e ser\u00e1 o novo presidente venezuelano"},"content":{"rendered":"<p> <script async src=\"https:\/\/pagead2.googlesyndication.com\/pagead\/js\/adsbygoogle.js?client=ca-pub-8864793242727901\"\r\n     crossorigin=\"anonymous\"><\/script><br \/>\n<\/p>\n<div id=\"taboola-read-more\" style=\"display:block; width:100%\">\n<p>O l\u00edder opositor Edmundo Gonz\u00e1lez Urrutia reivindicou nesta sexta-feira (4) ser o presidente eleito da Venezuela e disse que voltar\u00e1 ao pa\u00eds em 10 de janeiro para tomar posse.\n<\/p>\n<p>Gonz\u00e1lez Urrutia expressou essa inten\u00e7\u00e3o em entrevista coletiva ap\u00f3s participar do F\u00f3rum La Toja-V\u00ednculo Atl\u00e1ntico, realizado na cidade de O Grove, no noroeste da Espanha, onde enfatizou que sua estadia no pa\u00eds europeu \u00e9 tempor\u00e1ria.<\/p>\n<p>Quando perguntado sobre quando planeja retornar ao seu pa\u00eds, ele disse que voltar\u00e1 o mais r\u00e1pido poss\u00edvel, quando a democracia puder ser restaurada.\n<\/p>\n<p>Ele lembrou que 10 de janeiro \u00e9 a data marcada para a posse presidencial ap\u00f3s as elei\u00e7\u00f5es de 28 de julho, e espera que nesse dia ele possa assumir a vontade popular expressada nas urnas por 8 milh\u00f5es de venezuelanos \u2013 a oposi\u00e7\u00e3o alega que houve fraude no pleito para que o atual presidente, Nicol\u00e1s Maduro, fosse declarado vencedor.\n<\/p>\n<p>Em rela\u00e7\u00e3o ao futuro de Maduro, o opositor comentou que \u201cisso depende dele\u201d.\n<\/p>\n<p>\u2013 N\u00e3o me envolvo nisso \u2013 disse.\n<\/p>\n<p>Diante de compara\u00e7\u00f5es com a experi\u00eancia de Juan Guaid\u00f3, que foi reconhecido por v\u00e1rios pa\u00edses, incluindo EUA e Uni\u00e3o Europeia, como presidente interino da Venezuela, Gonz\u00e1lez Urrutia disse que as situa\u00e7\u00f5es s\u00e3o diferentes, pois Guaid\u00f3 foi eleito pelo Parlamento, mas ele tem o apoio das urnas.\n<\/p>\n<p>Urrutia, que chegou a Madri no in\u00edcio de setembro para pedir asilo depois de denunciar fraudes eleitorais em seu pa\u00eds, explicou que teve de sair da Venezuela diante da persegui\u00e7\u00e3o pol\u00edtica com \u201cpress\u00f5es indescrit\u00edveis e amea\u00e7as extremas\u201d a ele e sua fam\u00edlia, e considera que foi o cap\u00edtulo mais dif\u00edcil e exigente de sua vida.\n<\/p>\n<p>Ele pediu \u00e0 comunidade internacional que reconhecesse o resultado da elei\u00e7\u00e3o presidencial depois que o Centro Carter, a organiza\u00e7\u00e3o de observa\u00e7\u00e3o eleitoral dos EUA, divulgou as supostas atas originais de vota\u00e7\u00e3o na \u00faltima quarta-feira, que mostram que venceu com 67% dos votos, contra 31% de Maduro.\n<\/p>\n<p>Na Venezuela, o Conselho Nacional Eleitoral (CNE), controlado pelos governistas, proclamou Maduro vencedor das elei\u00e7\u00f5es, embora n\u00e3o tenha divulgado as atas com os resultados detalhados.\n<\/p>\n<p>Fonte: Pleno.News <\/p>\n<\/div>\n<p><br \/>\n<br \/><a href=\"https:\/\/diariodobrasilnoticias.com.br\/noticia\/o-oposicionista-edmundo-gonzales-diz-que-tomara-posse-em-janeiro-de-2025-e-sera-o-novo-presidente-venezuelano-67016e1f7d99e\">Source link <\/a><\/p>","protected":false},"excerpt":{"rendered":"<p>O l\u00edder opositor Edmundo Gonz\u00e1lez Urrutia reivindicou nesta sexta-feira (4) ser o presidente eleito da Venezuela e disse que voltar\u00e1 ao pa\u00eds em 10 de janeiro para tomar posse. Gonz\u00e1lez&hellip;<\/p>","protected":false},"author":1,"featured_media":45142,"comment_status":"closed","ping_status":"open","sticky":false,"template":"","format":"standard","meta":{"content-type":"","footnotes":""},"categories":[16],"tags":[123,2448,5313,1267],"class_list":["post-45141","post","type-post","status-publish","format-standard","has-post-thumbnail","hentry","category-noticias","tag-brasil","tag-diario","tag-noticia","tag-noticias"],"_links":{"self":[{"href":"https:\/\/tvbrazilusa.com\/pt\/wp-json\/wp\/v2\/posts\/45141","targetHints":{"allow":["GET"]}}],"collection":[{"href":"https:\/\/tvbrazilusa.com\/pt\/wp-json\/wp\/v2\/posts"}],"about":[{"href":"https:\/\/tvbrazilusa.com\/pt\/wp-json\/wp\/v2\/types\/post"}],"author":[{"embeddable":true,"href":"https:\/\/tvbrazilusa.com\/pt\/wp-json\/wp\/v2\/users\/1"}],"replies":[{"embeddable":true,"href":"https:\/\/tvbrazilusa.com\/pt\/wp-json\/wp\/v2\/comments?post=45141"}],"version-history":[{"count":1,"href":"https:\/\/tvbrazilusa.com\/pt\/wp-json\/wp\/v2\/posts\/45141\/revisions"}],"predecessor-version":[{"id":45143,"href":"https:\/\/tvbrazilusa.com\/pt\/wp-json\/wp\/v2\/posts\/45141\/revisions\/45143"}],"wp:featuredmedia":[{"embeddable":true,"href":"https:\/\/tvbrazilusa.com\/pt\/wp-json\/wp\/v2\/media\/45142"}],"wp:attachment":[{"href":"https:\/\/tvbrazilusa.com\/pt\/wp-json\/wp\/v2\/media?parent=45141"}],"wp:term":[{"taxonomy":"category","embeddable":true,"href":"https:\/\/tvbrazilusa.com\/pt\/wp-json\/wp\/v2\/categories?post=45141"},{"taxonomy":"post_tag","embeddable":true,"href":"https:\/\/tvbrazilusa.com\/pt\/wp-json\/wp\/v2\/tags?post=45141"}],"curies":[{"name":"wp","href":"https:\/\/api.w.org\/{rel}","templated":true}]}}