{"id":4516,"date":"2024-07-20T13:00:00","date_gmt":"2024-07-20T13:00:00","guid":{"rendered":"https:\/\/tvbrazilusa.com\/2024\/07\/20\/dudu-tera-mais-chances-no-palmeiras-e-a-expectativa-contra-o-cruzeiro\/"},"modified":"2024-07-20T13:10:16","modified_gmt":"2024-07-20T13:10:16","slug":"dudu-tera-mais-chances-no-palmeiras-e-a-expectativa-contra-o-cruzeiro","status":"publish","type":"post","link":"https:\/\/tvbrazilusa.com\/pt\/2024\/07\/20\/dudu-tera-mais-chances-no-palmeiras-e-a-expectativa-contra-o-cruzeiro\/","title":{"rendered":"Dudu ter\u00e1 mais chances no Palmeiras e a expectativa contra o Cruzeiro"},"content":{"rendered":"<p> <script async src=\"https:\/\/pagead2.googlesyndication.com\/pagead\/js\/adsbygoogle.js?client=ca-pub-8864793242727901\"\r\n     crossorigin=\"anonymous\"><\/script><br \/>\n<\/p>\n<div>\n<p>Recentemente, o universo do futebol brasileiro tem sido palco de diversas reviravoltas envolvendo o atacante Dudu, do <a href=\"https:\/\/www.palmeiras.com.br\/\" target=\"_blank\" rel=\"noreferrer noopener\">Palmeiras<\/a>, <a href=\"https:\/\/terrabrasilnoticias.com\/?p=157426&#038;preview=true&#038;_thumbnail_id=157444\" target=\"_blank\" rel=\"noreferrer noopener\">jogador mais caro da s\u00e9rie A.<\/a> Ap\u00f3s um per\u00edodo de incertezas e especula\u00e7\u00f5es sobre sua sa\u00edda, o jogador parece estar encontrando seu espa\u00e7o novamente sob o comando de Abel Ferreira. O pr\u00f3ximo cap\u00edtulo dessa saga ser\u00e1 escrito no confronto com o <a href=\"https:\/\/site.cruzeiro.com.br\/\" target=\"_blank\" rel=\"noreferrer noopener\">Cruzeiro<\/a>, agendado para o pr\u00f3ximo s\u00e1bado no Allianz Parque.<\/p>\n<p>Este jogo marca n\u00e3o apenas uma rodada do Campeonato Brasileiro, mas tamb\u00e9m simboliza um momento crucial para Dudu, que enfrentou adversidades fora dos gramados, incluindo press\u00f5es de torcidas e rumores de transfer\u00eancias. Agora, com o apoio de seu t\u00e9cnico, ele visa consolidar sua recupera\u00e7\u00e3o e import\u00e2ncia para o elenco verde.<\/p>\n<figure class=\"wp-block-image aligncenter size-large\"><picture decoding=\"async\" class=\"wp-image-158029\"><source type=\"image\/webp\" srcset=\"https:\/\/terrabrasilnoticias.com\/wp-content\/uploads\/2024\/07\/img_1921-1-1024x557.jpg.webp 1024w, https:\/\/terrabrasilnoticias.com\/wp-content\/uploads\/2024\/07\/img_1921-1-300x163.jpg.webp 300w, https:\/\/terrabrasilnoticias.com\/wp-content\/uploads\/2024\/07\/img_1921-1-768x418.jpg.webp 768w, https:\/\/terrabrasilnoticias.com\/wp-content\/uploads\/2024\/07\/img_1921-1-750x408.jpg.webp 750w, https:\/\/terrabrasilnoticias.com\/wp-content\/uploads\/2024\/07\/img_1921-1.jpg.webp 1141w\" sizes=\"(max-width: 1024px) 100vw, 1024px\"\/><\/picture><figcaption class=\"wp-element-caption\">Foto: Cesar Greco<\/p>\n<\/figcaption><\/figure>\n<h2 class=\"wp-block-heading\">Qual foi o impacto das negocia\u00e7\u00f5es de Dudu com Cruzeiro no ambiente do Palmeiras?<\/h2>\n<p>A tentativa de transfer\u00eancia de Dudu para o Cruzeiro trouxe agita\u00e7\u00e3o entre os torcedores e a dire\u00e7\u00e3o do Palmeiras. A situa\u00e7\u00e3o se agravou quando membros da torcida organizada foram buscar explica\u00e7\u00f5es diretamente com o atleta, aumentando o clima de tens\u00e3o. Entretanto, esses eventos serviram como um catalisador para uma reflex\u00e3o dentro do clube sobre o valor e o papel de Dudu na equipe.<\/p>\n<h2 class=\"wp-block-heading\">O papel de Abel Ferreira na reintegra\u00e7\u00e3o de Dudu<\/h2>\n<p>O t\u00e9cnico Abel Ferreira teve um papel fundamental na reintegra\u00e7\u00e3o de Dudu ap\u00f3s o ocorrido. Ele ofereceu seu apoio ao atacante, garantindo-lhe mais oportunidades em campo para provar seu valor. As discuss\u00f5es entre o atleta e o t\u00e9cnico portugu\u00eas culminaram em uma promessa de maior minutagem nas pr\u00f3ximas partidas, refor\u00e7ando a confian\u00e7a m\u00fatua entre treinador e jogador.<\/p>\n<h2 class=\"wp-block-heading\">Dudu vai dar a volta por cima?<\/h2>\n<p>Com tudo que aconteceu, a grande pergunta que permanece entre os torcedores e analistas esportivos \u00e9 se Dudu conseguir\u00e1 superar este per\u00edodo turbulento e demonstrar seu verdadeiro potencial em campo. A confian\u00e7a de Abel Ferreira parece ser um bom sinal, indicando que podemos esperar um Dudu mais ativo e determinado nos jogos futuros.<\/p>\n<ul class=\"wp-block-list\">\n<li>Reintegra\u00e7\u00e3o no time titular.<\/li>\n<li>Aumento da minutagem em campo.<\/li>\n<li>Poss\u00edveis novas estrat\u00e9gias de jogo envolvendo Dudu.<\/li>\n<\/ul>\n<p>Enquanto o pr\u00f3ximo jogo com o Cruzeiro se aproxima, todos os olhos estar\u00e3o voltados para Dudu, observando cada movimento e decis\u00e3o tomada pelo atacante em campo. Este confronto n\u00e3o \u00e9 apenas uma disputa por pontos no campeonato, mas uma chance para Dudu reafirmar seu status como pe\u00e7a-chave no esquema de Abel Ferreira.<\/p>\n<p>Portanto, a torcida do Palmeiras pode aguardar ansiosamente o desempenho de Dudu neste s\u00e1bado. O rel\u00f3gio do Allianz Parque marcar\u00e1 n\u00e3o apenas o tempo de jogo, mas talvez o renascimento de uma estrela do futebol brasileiro.<\/p>\n<\/p><\/div>\n<p><br \/>\n<br \/><a href=\"https:\/\/terrabrasilnoticias.com\/2024\/07\/dudu-tera-mais-chances-no-palmeiras-e-a-expectativa-contra-o-cruzeiro\/\">Source link <\/a><\/p>","protected":false},"excerpt":{"rendered":"<p>Recentemente, o universo do futebol brasileiro tem sido palco de diversas reviravoltas envolvendo o atacante Dudu, do Palmeiras, jogador mais caro da s\u00e9rie A. Ap\u00f3s um per\u00edodo de incertezas e&hellip;<\/p>","protected":false},"author":1,"featured_media":4517,"comment_status":"closed","ping_status":"open","sticky":false,"template":"","format":"standard","meta":{"content-type":"","footnotes":""},"categories":[16],"tags":[],"class_list":["post-4516","post","type-post","status-publish","format-standard","has-post-thumbnail","hentry","category-noticias"],"_links":{"self":[{"href":"https:\/\/tvbrazilusa.com\/pt\/wp-json\/wp\/v2\/posts\/4516","targetHints":{"allow":["GET"]}}],"collection":[{"href":"https:\/\/tvbrazilusa.com\/pt\/wp-json\/wp\/v2\/posts"}],"about":[{"href":"https:\/\/tvbrazilusa.com\/pt\/wp-json\/wp\/v2\/types\/post"}],"author":[{"embeddable":true,"href":"https:\/\/tvbrazilusa.com\/pt\/wp-json\/wp\/v2\/users\/1"}],"replies":[{"embeddable":true,"href":"https:\/\/tvbrazilusa.com\/pt\/wp-json\/wp\/v2\/comments?post=4516"}],"version-history":[{"count":1,"href":"https:\/\/tvbrazilusa.com\/pt\/wp-json\/wp\/v2\/posts\/4516\/revisions"}],"predecessor-version":[{"id":4518,"href":"https:\/\/tvbrazilusa.com\/pt\/wp-json\/wp\/v2\/posts\/4516\/revisions\/4518"}],"wp:featuredmedia":[{"embeddable":true,"href":"https:\/\/tvbrazilusa.com\/pt\/wp-json\/wp\/v2\/media\/4517"}],"wp:attachment":[{"href":"https:\/\/tvbrazilusa.com\/pt\/wp-json\/wp\/v2\/media?parent=4516"}],"wp:term":[{"taxonomy":"category","embeddable":true,"href":"https:\/\/tvbrazilusa.com\/pt\/wp-json\/wp\/v2\/categories?post=4516"},{"taxonomy":"post_tag","embeddable":true,"href":"https:\/\/tvbrazilusa.com\/pt\/wp-json\/wp\/v2\/tags?post=4516"}],"curies":[{"name":"wp","href":"https:\/\/api.w.org\/{rel}","templated":true}]}}