{"id":45167,"date":"2024-10-05T19:22:14","date_gmt":"2024-10-05T19:22:14","guid":{"rendered":"https:\/\/tvbrazilusa.com\/2024\/10\/05\/buzinaco-nacional-fora-moraes-nao-ao-psd-55-mobiliza-cidades-em-todo-o-brasil-paulo-figueiredo\/"},"modified":"2024-10-05T19:33:48","modified_gmt":"2024-10-05T19:33:48","slug":"buzinaco-nacional-fora-moraes-nao-ao-psd-55-mobiliza-cidades-em-todo-o-brasil-paulo-figueiredo","status":"publish","type":"post","link":"https:\/\/tvbrazilusa.com\/pt\/2024\/10\/05\/buzinaco-nacional-fora-moraes-nao-ao-psd-55-mobiliza-cidades-em-todo-o-brasil-paulo-figueiredo\/","title":{"rendered":"Buzina\u00e7o Nacional \u201cFora Moraes \u2013 N\u00e3o ao PSD 55\u201d Mobiliza Cidades em Todo o Brasil &#8211; Paulo Figueiredo"},"content":{"rendered":"<p> <script async src=\"https:\/\/pagead2.googlesyndication.com\/pagead\/js\/adsbygoogle.js?client=ca-pub-8864793242727901\"\r\n     crossorigin=\"anonymous\"><\/script><br \/>\n<\/p>\n<div id=\"wtr-content\" data-bg=\"#FFFFFF\" data-fg=\"#006d91\" data-width=\"25\" data-mute=\"1\" data-fgopacity=\"1.00\" data-mutedopacity=\"0.5\" data-placement=\"bottom\" data-placement-offset=\"0\" data-content-offset=\"262\" data-placement-touch=\"bottom\" data-placement-offset-touch=\"0\" data-transparent=\"\" data-shadow=\"0\" data-touch=\"1\" data-non-touch=\"1\" data-comments=\"0\" data-commentsbg=\"transparent\" data-location=\"page\" data-mutedfg=\"#006d91\" data-endfg=\"#006d91\" data-rtl=\"\">\n<p>Neste s\u00e1bado, 5 de outubro de 2024 \u00e0s 17h, o Brasil ter\u00e1 uma s\u00e9rie de buzina\u00e7os coordenados em diversas cidades do pa\u00eds, promovidos pelo Movimento Fora Moraes. O principal objetivo da mobiliza\u00e7\u00e3o \u00e9 alertar a popula\u00e7\u00e3o sobre o papel do partido PSD 55, liderado por Gilberto Kassab e com o presidente do Senado, Rodrigo Pacheco, no bloqueio ao avan\u00e7o do pedido de impeachment do ministro Alexandre de Moraes. Para o movimento, o PSD tem agido em contrariedade \u00e0 vontade popular, travando o andamento do processo de impeachment no Congresso.<\/p>\n<h3 class=\"wp-block-heading\">A\u00e7\u00e3o Nacional e Press\u00e3o Popular<\/h3>\n<p>O buzina\u00e7o, ser\u00e1 realizado de forma simult\u00e2nea em v\u00e1rias cidades, como S\u00e3o Paulo, Goi\u00e2nia, Belo Horizonte e Rio de Janeiro, chama a aten\u00e7\u00e3o para a import\u00e2ncia de pressionar o PSD 55 e conscientizar os eleitores sobre a necessidade de n\u00e3o apoiar partidos que, segundo o movimento, n\u00e3o defendem os interesses democr\u00e1ticos do pa\u00eds. Para o Movimento Fora Moraes, o partido liderado por Kassab se alinha ao centr\u00e3o fisiol\u00f3gico, o que estaria atrasando o processo de responsabiliza\u00e7\u00e3o do ministro do STF.<\/p>\n<p>A a\u00e7\u00e3o, que mobiliza centenas de brasileiros em diversas regi\u00f5es, \u00e9 descrita como uma das principais ferramentas para manter a press\u00e3o sobre o partido e outros parlamentares que n\u00e3o representam a vontade popular, especialmente no que diz respeito ao impeachment de Moraes.<\/p>\n<h3 class=\"wp-block-heading\">Cidades Participantes<\/h3>\n<p>Entre as cidades que participar\u00e3o da mobiliza\u00e7\u00e3o est\u00e3o:<\/p>\n<ul class=\"wp-block-list\">\n<li>S\u00e3o Paulo (SP)<\/li>\n<li>Goi\u00e2nia (GO)<\/li>\n<li>Uruta\u00ed (GO)<\/li>\n<li>Pires do Rio (GO)<\/li>\n<li>Catal\u00e3o (GO)<\/li>\n<li>Caldas Novas (GO)<\/li>\n<li>Belo Horizonte (MG)<\/li>\n<li>Uberl\u00e2ndia (MG)<\/li>\n<li>Uberaba (MG)<\/li>\n<li>Araguari (MG)<\/li>\n<li>Rio de Janeiro (RJ)<\/li>\n<\/ul>\n<p>Essa mobiliza\u00e7\u00e3o nacional demonstra o engajamento do movimento em defender a democracia e pressionar os poderes constitu\u00eddos, reiterando que as a\u00e7\u00f5es continuar\u00e3o em todo o pa\u00eds at\u00e9 que o impeachment de Alexandre de Moraes seja pautado e votado.<\/p>\n<h3 class=\"wp-block-heading\">Expans\u00e3o Nacional e Compromisso Cont\u00ednuo<\/h3>\n<p>O Movimento Fora Moraes, em nota \u00e0 imprensa, reafirmou seu compromisso de manter a\u00e7\u00f5es pac\u00edficas e cont\u00ednuas em todo o territ\u00f3rio nacional. Al\u00e9m disso, o movimento tem ampliado sua atua\u00e7\u00e3o com a cria\u00e7\u00e3o de c\u00e9lulas de mobiliza\u00e7\u00e3o em estados estrat\u00e9gicos, fortalecendo a voz do povo brasileiro na luta pela democracia e pelo Estado de Direito.<\/p>\n<p>Um dos pontos centrais desta mobiliza\u00e7\u00e3o de hoje \u00e9 a orienta\u00e7\u00e3o dada aos eleitores de n\u00e3o votarem no PSD 55 nas pr\u00f3ximas elei\u00e7\u00f5es, em protesto contra a postura adotada pelo partido no que diz respeito ao impeachment de Alexandre de Moraes. O movimento sustenta que o bloqueio imposto pelo partido impede o avan\u00e7o de uma pauta de interesse da popula\u00e7\u00e3o e \u00e9 necess\u00e1rio que os eleitores mostrem seu descontentamento nas urnas.<\/p>\n<h3 class=\"wp-block-heading\">Pr\u00f3ximos Passos e Mobiliza\u00e7\u00f5es Futuras<\/h3>\n<p>O Movimento Fora Moraes j\u00e1 tem novas a\u00e7\u00f5es planejadas e promete divulgar os detalhes em breve. Entre as estrat\u00e9gias est\u00e3o manifesta\u00e7\u00f5es pac\u00edficas, eventos p\u00fablicos e campanhas de conscientiza\u00e7\u00e3o, sempre com o objetivo de engajar mais cidad\u00e3os na defesa das liberdades democr\u00e1ticas e no combate \u00e0 censura e aos abusos de poder.<\/p>\n<p>O movimento tamb\u00e9m fez um convite \u00e0 imprensa e \u00e0 sociedade civil para que acompanhem e participem dessas mobiliza\u00e7\u00f5es. De acordo com o comunicado, a transpar\u00eancia e o acesso \u00e0 informa\u00e7\u00e3o s\u00e3o essenciais para fortalecer a democracia e garantir que a popula\u00e7\u00e3o esteja ciente dos desafios enfrentados.<\/p>\n<h3 class=\"wp-block-heading\">Sobre o Movimento Fora Moraes<\/h3>\n<div class=\"wp-block-image\">\n<figure class=\"aligncenter size-full is-resized\"><\/figure>\n<\/div>\n<p>O Movimento Fora Moraes \u00e9 uma iniciativa popular independente de Guilherme Sampaio e Marco Antonio Costa, formada por cidad\u00e3os que defendem a liberdade de express\u00e3o, a democracia e o respeito \u00e0 Constitui\u00e7\u00e3o Federal. O movimento, que n\u00e3o possui v\u00ednculos partid\u00e1rios, atua de forma pac\u00edfica e legal, com o objetivo de conscientizar a popula\u00e7\u00e3o e pressionar os poderes constitu\u00eddos a agirem em conformidade com os princ\u00edpios democr\u00e1ticos. A organiza\u00e7\u00e3o se posiciona contra qualquer forma de viol\u00eancia ou desrespeito \u00e0s institui\u00e7\u00f5es democr\u00e1ticas e reafirma seu compromisso com a legalidade e os direitos fundamentais.<\/p>\n<p><strong>Contato para a Imprensa:<\/strong><\/p>\n<hr class=\"wp-block-separator has-alpha-channel-opacity\"\/>\n<p>Essa mobiliza\u00e7\u00e3o representa mais um cap\u00edtulo na crescente press\u00e3o popular contra o PSD 55 e Alexandre de Moraes, destacando a insatisfa\u00e7\u00e3o de uma parcela significativa da sociedade brasileira com o atual cen\u00e1rio pol\u00edtico. O Movimento Fora Moraes continua a desempenhar um papel ativo na defesa de seus princ\u00edpios e promete seguir com novas a\u00e7\u00f5es nos pr\u00f3ximos meses.<\/p>\n<\/div>\n<p><br \/>\n<br \/><a href=\"https:\/\/paulofigueiredoshow.com\/buzinaco-nacional-fora-moraes-nao-ao-psd-55-mobiliza-cidades-em-todo-o-brasil\/\">Source link <\/a><\/p>","protected":false},"excerpt":{"rendered":"<p>Neste s\u00e1bado, 5 de outubro de 2024 \u00e0s 17h, o Brasil ter\u00e1 uma s\u00e9rie de buzina\u00e7os coordenados em diversas cidades do pa\u00eds, promovidos pelo Movimento Fora Moraes. O principal objetivo&hellip;<\/p>","protected":false},"author":1,"featured_media":45168,"comment_status":"closed","ping_status":"open","sticky":false,"template":"","format":"standard","meta":{"content-type":"","footnotes":""},"categories":[16],"tags":[],"class_list":["post-45167","post","type-post","status-publish","format-standard","has-post-thumbnail","hentry","category-noticias"],"_links":{"self":[{"href":"https:\/\/tvbrazilusa.com\/pt\/wp-json\/wp\/v2\/posts\/45167","targetHints":{"allow":["GET"]}}],"collection":[{"href":"https:\/\/tvbrazilusa.com\/pt\/wp-json\/wp\/v2\/posts"}],"about":[{"href":"https:\/\/tvbrazilusa.com\/pt\/wp-json\/wp\/v2\/types\/post"}],"author":[{"embeddable":true,"href":"https:\/\/tvbrazilusa.com\/pt\/wp-json\/wp\/v2\/users\/1"}],"replies":[{"embeddable":true,"href":"https:\/\/tvbrazilusa.com\/pt\/wp-json\/wp\/v2\/comments?post=45167"}],"version-history":[{"count":1,"href":"https:\/\/tvbrazilusa.com\/pt\/wp-json\/wp\/v2\/posts\/45167\/revisions"}],"predecessor-version":[{"id":45169,"href":"https:\/\/tvbrazilusa.com\/pt\/wp-json\/wp\/v2\/posts\/45167\/revisions\/45169"}],"wp:featuredmedia":[{"embeddable":true,"href":"https:\/\/tvbrazilusa.com\/pt\/wp-json\/wp\/v2\/media\/45168"}],"wp:attachment":[{"href":"https:\/\/tvbrazilusa.com\/pt\/wp-json\/wp\/v2\/media?parent=45167"}],"wp:term":[{"taxonomy":"category","embeddable":true,"href":"https:\/\/tvbrazilusa.com\/pt\/wp-json\/wp\/v2\/categories?post=45167"},{"taxonomy":"post_tag","embeddable":true,"href":"https:\/\/tvbrazilusa.com\/pt\/wp-json\/wp\/v2\/tags?post=45167"}],"curies":[{"name":"wp","href":"https:\/\/api.w.org\/{rel}","templated":true}]}}