{"id":45190,"date":"2024-10-05T21:20:26","date_gmt":"2024-10-05T21:20:26","guid":{"rendered":"https:\/\/tvbrazilusa.com\/2024\/10\/05\/israel-elimina-dois-altos-responsaveis-do-grupo-terrorista-hamas-no-libano-paulo-figueiredo\/"},"modified":"2024-10-05T21:24:04","modified_gmt":"2024-10-05T21:24:04","slug":"israel-elimina-dois-altos-responsaveis-do-grupo-terrorista-hamas-no-libano-paulo-figueiredo","status":"publish","type":"post","link":"https:\/\/tvbrazilusa.com\/pt\/2024\/10\/05\/israel-elimina-dois-altos-responsaveis-do-grupo-terrorista-hamas-no-libano-paulo-figueiredo\/","title":{"rendered":"Israel Elimina Dois Altos Respons\u00e1veis do Grupo Terrorista Hamas no L\u00edbano &#8211; Paulo Figueiredo"},"content":{"rendered":"<p> <script async src=\"https:\/\/pagead2.googlesyndication.com\/pagead\/js\/adsbygoogle.js?client=ca-pub-8864793242727901\"\r\n     crossorigin=\"anonymous\"><\/script><br \/>\n<\/p>\n<div id=\"wtr-content\" data-bg=\"#FFFFFF\" data-fg=\"#006d91\" data-width=\"25\" data-mute=\"1\" data-fgopacity=\"1.00\" data-mutedopacity=\"0.5\" data-placement=\"bottom\" data-placement-offset=\"0\" data-content-offset=\"262\" data-placement-touch=\"bottom\" data-placement-offset-touch=\"0\" data-transparent=\"\" data-shadow=\"0\" data-touch=\"1\" data-non-touch=\"1\" data-comments=\"0\" data-commentsbg=\"transparent\" data-location=\"page\" data-mutedfg=\"#006d91\" data-endfg=\"#006d91\" data-rtl=\"\">\n<p>Neste s\u00e1bado, o grupo terrorista Hamas confirmou a morte de um de seus comandantes das Brigadas Ezzeld\u00edn al Qassam, seu bra\u00e7o armado, durante um ataque israelense no norte do L\u00edbano.<\/p>\n<p>Said Atal\u00e1 Al\u00ed foi morto em um bombardeio israelense, de acordo com um comunicado divulgado pelos terroristas e publicado no jornal <em>Filastin<\/em>, que \u00e9 ligado \u00e0 organiza\u00e7\u00e3o.<\/p>\n<p>Este ataque marca o primeiro bombardeio israelense nessa \u00e1rea do L\u00edbano desde o in\u00edcio dos confrontos entre terroristas do Hezbollah e Israel. Os combates come\u00e7aram poucas horas ap\u00f3s o anivers\u00e1rio de um ano do in\u00edcio da guerra entre Israel e o Hamas, em 7 de outubro. O bombardeio ocorre em meio a uma opera\u00e7\u00e3o israelense em territ\u00f3rio liban\u00eas.<\/p>\n<p>Pouco depois, Israel anunciou a morte de outro \u201calto respons\u00e1vel do Hamas no L\u00edbano\u201d, identificado como Mohamed Husein al Lawis, que foi morto em um bombardeio na cidade de Sadnayel, no vale do Bec\u00e1. Segundo as autoridades israelenses, Al Lawis era uma \u201cautoridade executiva no L\u00edbano\u201d, de onde comandava ataques terroristas contra a popula\u00e7\u00e3o israelense na Cisjord\u00e2nia.<\/p>\n<p><strong><a href=\"https:\/\/gaceta.es\/mundo\/el-ejercito-de-israel-neutraliza-a-siete-terroristas-de-hamas-y-yihad-islamica-en-su-ataque-en-cisjordania-20241004-1817\/?scroll-event=true\">Source link<\/a><\/strong><\/p>\n<\/div>\n<p><br \/>\n<br \/><a href=\"https:\/\/paulofigueiredoshow.com\/israel-elimina-dois-altos-responsaveis-do-grupo-terrorista-hamas-no-libano\/\">Source link <\/a><\/p>","protected":false},"excerpt":{"rendered":"<p>Neste s\u00e1bado, o grupo terrorista Hamas confirmou a morte de um de seus comandantes das Brigadas Ezzeld\u00edn al Qassam, seu bra\u00e7o armado, durante um ataque israelense no norte do L\u00edbano.&hellip;<\/p>","protected":false},"author":1,"featured_media":45191,"comment_status":"closed","ping_status":"open","sticky":false,"template":"","format":"standard","meta":{"content-type":"","footnotes":""},"categories":[16],"tags":[4306,206,5303,4310],"class_list":["post-45190","post","type-post","status-publish","format-standard","has-post-thumbnail","hentry","category-noticias","tag-hamas","tag-israel","tag-mortes","tag-terroristas"],"_links":{"self":[{"href":"https:\/\/tvbrazilusa.com\/pt\/wp-json\/wp\/v2\/posts\/45190","targetHints":{"allow":["GET"]}}],"collection":[{"href":"https:\/\/tvbrazilusa.com\/pt\/wp-json\/wp\/v2\/posts"}],"about":[{"href":"https:\/\/tvbrazilusa.com\/pt\/wp-json\/wp\/v2\/types\/post"}],"author":[{"embeddable":true,"href":"https:\/\/tvbrazilusa.com\/pt\/wp-json\/wp\/v2\/users\/1"}],"replies":[{"embeddable":true,"href":"https:\/\/tvbrazilusa.com\/pt\/wp-json\/wp\/v2\/comments?post=45190"}],"version-history":[{"count":1,"href":"https:\/\/tvbrazilusa.com\/pt\/wp-json\/wp\/v2\/posts\/45190\/revisions"}],"predecessor-version":[{"id":45192,"href":"https:\/\/tvbrazilusa.com\/pt\/wp-json\/wp\/v2\/posts\/45190\/revisions\/45192"}],"wp:featuredmedia":[{"embeddable":true,"href":"https:\/\/tvbrazilusa.com\/pt\/wp-json\/wp\/v2\/media\/45191"}],"wp:attachment":[{"href":"https:\/\/tvbrazilusa.com\/pt\/wp-json\/wp\/v2\/media?parent=45190"}],"wp:term":[{"taxonomy":"category","embeddable":true,"href":"https:\/\/tvbrazilusa.com\/pt\/wp-json\/wp\/v2\/categories?post=45190"},{"taxonomy":"post_tag","embeddable":true,"href":"https:\/\/tvbrazilusa.com\/pt\/wp-json\/wp\/v2\/tags?post=45190"}],"curies":[{"name":"wp","href":"https:\/\/api.w.org\/{rel}","templated":true}]}}