{"id":45199,"date":"2024-10-05T21:19:22","date_gmt":"2024-10-05T21:19:22","guid":{"rendered":"https:\/\/tvbrazilusa.com\/2024\/10\/05\/moraes-da-24-horas-para-marcal-prestar-depoimento-por-descumprir-ordem-judicial-paulo-figueiredo\/"},"modified":"2024-10-05T21:50:42","modified_gmt":"2024-10-05T21:50:42","slug":"moraes-da-24-horas-para-marcal-prestar-depoimento-por-descumprir-ordem-judicial-paulo-figueiredo","status":"publish","type":"post","link":"https:\/\/tvbrazilusa.com\/pt\/2024\/10\/05\/moraes-da-24-horas-para-marcal-prestar-depoimento-por-descumprir-ordem-judicial-paulo-figueiredo\/","title":{"rendered":"Moraes d\u00e1 24 horas para Mar\u00e7al prestar depoimento por &#8220;descumprir ordem judicial&#8221; &#8211; Paulo Figueiredo"},"content":{"rendered":"<p> <script async src=\"https:\/\/pagead2.googlesyndication.com\/pagead\/js\/adsbygoogle.js?client=ca-pub-8864793242727901\"\r\n     crossorigin=\"anonymous\"><\/script><br \/>\n<\/p>\n<div id=\"wtr-content\" data-bg=\"#FFFFFF\" data-fg=\"#006d91\" data-width=\"25\" data-mute=\"1\" data-fgopacity=\"1.00\" data-mutedopacity=\"0.5\" data-placement=\"bottom\" data-placement-offset=\"0\" data-content-offset=\"262\" data-placement-touch=\"bottom\" data-placement-offset-touch=\"0\" data-transparent=\"\" data-shadow=\"0\" data-touch=\"1\" data-non-touch=\"1\" data-comments=\"0\" data-commentsbg=\"transparent\" data-location=\"page\" data-mutedfg=\"#006d91\" data-endfg=\"#006d91\" data-rtl=\"\">\n<h3 class=\"wp-block-heading\">Pablo Mar\u00e7al teria cometido abuso de poder econ\u00f4mico e \u2018reiterados descumprimentos de decis\u00f5es judiciais\u2019, segundo Moraes.<\/h3>\n<p>Neste domingo, 5, o ministro Alexandre de Moraes, do\u00a0<strong>Supremo Tribunal Federal (STF)<\/strong>, deu 24 horas para o empres\u00e1rio Pablo Mar\u00e7al prestar depoimento, por abuso de poder econ\u00f4mico e de uso indevido dos meios de comunica\u00e7\u00e3o.<\/p>\n<p>Conforme o juiz do STF, o candidato do PRTB \u00e0 Prefeitura de S\u00e3o Paulo descumpriu ordens judiciais ao usar o Twitter\/X, suspenso no Brasil desde 30 de agosto. A presidente do Tribunal Superior Eleitoral, C\u00e1rmen L\u00facia, foi notificada.<\/p>\n<p>Desde o bloqueio do X, a Pol\u00edcia Federal tem monitorando o uso da ferramenta.<\/p>\n<p><strong><a href=\"https:\/\/revistaoeste.com\/no-ponto\/moraes-da-24-horas-para-marcal-prestar-depoimento\/?utm_campaign&#038;utm_term[\">Source link<\/a><\/strong><\/p>\n<\/div>\n<p><br \/>\n<br \/><a href=\"https:\/\/paulofigueiredoshow.com\/moraes-da-24-horas-para-marcal-prestar-depoimento-por-descumprir-ordem-judicial\/\">Source link <\/a><\/p>","protected":false},"excerpt":{"rendered":"<p>Pablo Mar\u00e7al teria cometido abuso de poder econ\u00f4mico e \u2018reiterados descumprimentos de decis\u00f5es judiciais\u2019, segundo Moraes. Neste domingo, 5, o ministro Alexandre de Moraes, do\u00a0Supremo Tribunal Federal (STF), deu 24&hellip;<\/p>","protected":false},"author":1,"featured_media":32433,"comment_status":"closed","ping_status":"open","sticky":false,"template":"","format":"standard","meta":{"content-type":"","footnotes":""},"categories":[16],"tags":[21117,315,425,93,871],"class_list":["post-45199","post","type-post","status-publish","format-standard","has-post-thumbnail","hentry","category-noticias","tag-24h","tag-marcal","tag-moraes","tag-politica","tag-stf"],"_links":{"self":[{"href":"https:\/\/tvbrazilusa.com\/pt\/wp-json\/wp\/v2\/posts\/45199","targetHints":{"allow":["GET"]}}],"collection":[{"href":"https:\/\/tvbrazilusa.com\/pt\/wp-json\/wp\/v2\/posts"}],"about":[{"href":"https:\/\/tvbrazilusa.com\/pt\/wp-json\/wp\/v2\/types\/post"}],"author":[{"embeddable":true,"href":"https:\/\/tvbrazilusa.com\/pt\/wp-json\/wp\/v2\/users\/1"}],"replies":[{"embeddable":true,"href":"https:\/\/tvbrazilusa.com\/pt\/wp-json\/wp\/v2\/comments?post=45199"}],"version-history":[{"count":1,"href":"https:\/\/tvbrazilusa.com\/pt\/wp-json\/wp\/v2\/posts\/45199\/revisions"}],"predecessor-version":[{"id":45200,"href":"https:\/\/tvbrazilusa.com\/pt\/wp-json\/wp\/v2\/posts\/45199\/revisions\/45200"}],"wp:featuredmedia":[{"embeddable":true,"href":"https:\/\/tvbrazilusa.com\/pt\/wp-json\/wp\/v2\/media\/32433"}],"wp:attachment":[{"href":"https:\/\/tvbrazilusa.com\/pt\/wp-json\/wp\/v2\/media?parent=45199"}],"wp:term":[{"taxonomy":"category","embeddable":true,"href":"https:\/\/tvbrazilusa.com\/pt\/wp-json\/wp\/v2\/categories?post=45199"},{"taxonomy":"post_tag","embeddable":true,"href":"https:\/\/tvbrazilusa.com\/pt\/wp-json\/wp\/v2\/tags?post=45199"}],"curies":[{"name":"wp","href":"https:\/\/api.w.org\/{rel}","templated":true}]}}