{"id":45201,"date":"2024-10-05T22:01:53","date_gmt":"2024-10-05T22:01:53","guid":{"rendered":"https:\/\/tvbrazilusa.com\/2024\/10\/05\/cid-moreira-deserdou-filhos-e-patrimonio-seria-de-r-60-milhoes-dizem-advogados\/"},"modified":"2024-10-05T22:01:54","modified_gmt":"2024-10-05T22:01:54","slug":"cid-moreira-deserdou-filhos-e-patrimonio-seria-de-r-60-milhoes-dizem-advogados","status":"publish","type":"post","link":"https:\/\/tvbrazilusa.com\/pt\/2024\/10\/05\/cid-moreira-deserdou-filhos-e-patrimonio-seria-de-r-60-milhoes-dizem-advogados\/","title":{"rendered":"Cid Moreira deserdou filhos e patrim\u00f4nio seria de R$ 60 milh\u00f5es, dizem advogados"},"content":{"rendered":"<p> <script async src=\"https:\/\/pagead2.googlesyndication.com\/pagead\/js\/adsbygoogle.js?client=ca-pub-8864793242727901\"\r\n     crossorigin=\"anonymous\"><\/script><br \/>\n<\/p>\n<div id=\"taboola-read-more\" style=\"display:block; width:100%\">\n<p>Os filhos de Cid Moreira, Roger Felipe Naumtchyk, de 47 anos, e o comerciante Rodrigo Razendev Sim\u00f5es Moreira, de 54, que pediram a abertura do invent\u00e1rio do apresentador depois de sua morte, na quinta-feira, foram deserdados pelo pai em testamento p\u00fablico, afirma Davi de Souza Salda\u00f1o, o advogado da vi\u00fava.\n<\/p>\n<p>Angelo Carbone, o advogado dos filhos, estimou um patrim\u00f4nio de R$ 40 milh\u00f5es em im\u00f3veis e R$ 20 milh\u00f5es em contratos envolvendo direitos autorais de trabalhos para a Globo no documento protocolado na 1\u00aa Vara de Fam\u00edlia da Comarca de Petr\u00f3polis, na regi\u00e3o serrana do Rio de Janeiro.<\/p>\n<p>A abertura do invent\u00e1rio ocorreu com o argumento de que Moreira se casou com F\u00e1tima Sampaio em regime de separa\u00e7\u00e3o total de bens, conforme a certid\u00e3o anexada ao processo. A defesa de Sampaio classificou como \u201clament\u00e1vel e inoportuna\u201d a abertura do invent\u00e1rio pelos seus filhos poucas horas ap\u00f3s a not\u00edcia da morte.\n<\/p>\n<p>\u201cEle [Cid Moreira] manifestou em testamento p\u00fablico, motivadamente, a vontade de deserdar os dois filhos, com base na indignidade prevista no C\u00f3digo Civil brasileiro, excluindo-os da sucess\u00e3o\u201d, afirmou. \u201cTodo ano ele refazia o testamento acompanhado de diversos laudos m\u00e9dicos comprovando sua capacidade civil.\u201d\n<\/p>\n<p>\u201cA postura demonstra, de forma indisfar\u00e7\u00e1vel, que eles nunca tiveram interessados em outra coisa sen\u00e3o o patrim\u00f4nio do pai\u201d, disse Salda\u00f1o, o advogado da vi\u00fava de Moreira. \u201cRoger e Rodrigo moveram diversas a\u00e7\u00f5es c\u00edveis e criminais contra o pai e sua esposa F\u00e1tima, todas sem sucesso. O Minist\u00e9rio P\u00fablico observou o desvio de conduta e os acusou pela pr\u00e1tica de denuncia\u00e7\u00e3o caluniosa.\u201d\n<\/p>\n<p>Procurada pela reportagem, F\u00e1tima Sampaio, que considera as acusa\u00e7\u00f5es dos filhos de Moreira caluniosas, n\u00e3o quis comentar o processo do invent\u00e1rio.\n<\/p>\n<p>Roger e Rodrigo t\u00eam um hist\u00f3rico de diversos processos contra o apresentador e Sampaio. Na sexta-feira, Rodrigo enviou \u00e0 coluna de M\u00f4nica Bergamo um v\u00eddeo em que afirma estar muito triste com tudo o que est\u00e1 acontecendo.\n<\/p>\n<p>\u201cMeu pai faleceu e deixou de conhecer o melhor amigo dele, que sou eu. Ele n\u00e3o quis se aproximar de mim, n\u00e3o quis falar comigo. A F\u00e1tima [Sampaio, vi\u00fava de Moreira] tamb\u00e9m mandava e desmandava em tudo o que ele fazia\u201d, diz ele.\n<\/p>\n<p>Em 2021, Rodrigo e Roger alegaram neglig\u00eancia parental e pediram a interdi\u00e7\u00e3o judicial do apresentador. Os irm\u00e3os afirmavam que a vi\u00fava estava usufruindo de forma indevida do patrim\u00f4nio de Moreira. Segundo eles, Sampaio vendeu 11 dos 18 im\u00f3veis do pai, transferiu R$ 40 milh\u00f5es para o exterior e mantinha o apresentador em c\u00e1rcere privado. O casal estava junto desde 2000. Moreira era 36 anos mais velho que Sampaio.\n<\/p>\n<p>Em 2022, Moreira acusou os filhos de agirem por \u201cinteresse financeiro\u201d e afirmou ainda que comprovara sua sanidade mental na Justi\u00e7a.\n<\/p>\n<p><strong>Folhapress<\/strong> <\/p>\n<\/div>\n<p><br \/>\n<br \/><a href=\"https:\/\/diariodobrasilnoticias.com.br\/noticia\/cid-moreira-deserdou-filhos-e-patrimonio-seria-de-r-60-milhoes-dizem-advogados-6701b235bf690\">Source link <\/a><\/p>","protected":false},"excerpt":{"rendered":"<p>Os filhos de Cid Moreira, Roger Felipe Naumtchyk, de 47 anos, e o comerciante Rodrigo Razendev Sim\u00f5es Moreira, de 54, que pediram a abertura do invent\u00e1rio do apresentador depois de&hellip;<\/p>","protected":false},"author":1,"featured_media":45202,"comment_status":"closed","ping_status":"open","sticky":false,"template":"","format":"standard","meta":{"content-type":"","footnotes":""},"categories":[16],"tags":[123,2448,5313,1267],"class_list":["post-45201","post","type-post","status-publish","format-standard","has-post-thumbnail","hentry","category-noticias","tag-brasil","tag-diario","tag-noticia","tag-noticias"],"_links":{"self":[{"href":"https:\/\/tvbrazilusa.com\/pt\/wp-json\/wp\/v2\/posts\/45201","targetHints":{"allow":["GET"]}}],"collection":[{"href":"https:\/\/tvbrazilusa.com\/pt\/wp-json\/wp\/v2\/posts"}],"about":[{"href":"https:\/\/tvbrazilusa.com\/pt\/wp-json\/wp\/v2\/types\/post"}],"author":[{"embeddable":true,"href":"https:\/\/tvbrazilusa.com\/pt\/wp-json\/wp\/v2\/users\/1"}],"replies":[{"embeddable":true,"href":"https:\/\/tvbrazilusa.com\/pt\/wp-json\/wp\/v2\/comments?post=45201"}],"version-history":[{"count":1,"href":"https:\/\/tvbrazilusa.com\/pt\/wp-json\/wp\/v2\/posts\/45201\/revisions"}],"predecessor-version":[{"id":45203,"href":"https:\/\/tvbrazilusa.com\/pt\/wp-json\/wp\/v2\/posts\/45201\/revisions\/45203"}],"wp:featuredmedia":[{"embeddable":true,"href":"https:\/\/tvbrazilusa.com\/pt\/wp-json\/wp\/v2\/media\/45202"}],"wp:attachment":[{"href":"https:\/\/tvbrazilusa.com\/pt\/wp-json\/wp\/v2\/media?parent=45201"}],"wp:term":[{"taxonomy":"category","embeddable":true,"href":"https:\/\/tvbrazilusa.com\/pt\/wp-json\/wp\/v2\/categories?post=45201"},{"taxonomy":"post_tag","embeddable":true,"href":"https:\/\/tvbrazilusa.com\/pt\/wp-json\/wp\/v2\/tags?post=45201"}],"curies":[{"name":"wp","href":"https:\/\/api.w.org\/{rel}","templated":true}]}}