{"id":45204,"date":"2024-10-05T21:59:04","date_gmt":"2024-10-05T21:59:04","guid":{"rendered":"https:\/\/tvbrazilusa.com\/2024\/10\/05\/ativistas-locais-se-reunem-em-new-haven-para-mostrar-apoio-a-palestina-e-ao-dia-de-acao-global\/"},"modified":"2024-10-05T22:08:04","modified_gmt":"2024-10-05T22:08:04","slug":"ativistas-locais-se-reunem-em-new-haven-para-mostrar-apoio-a-palestina-e-ao-dia-de-acao-global","status":"publish","type":"post","link":"https:\/\/tvbrazilusa.com\/pt\/2024\/10\/05\/ativistas-locais-se-reunem-em-new-haven-para-mostrar-apoio-a-palestina-e-ao-dia-de-acao-global\/","title":{"rendered":"Ativistas locais se re\u00fanem em New Haven para mostrar apoio \u00e0 Palestina e ao Dia de A\u00e7\u00e3o Global"},"content":{"rendered":"<script async src=\"https:\/\/pagead2.googlesyndication.com\/pagead\/js\/adsbygoogle.js?client=ca-pub-8864793242727901\"\r\n     crossorigin=\"anonymous\"><\/script>\n<p>NEW HAVEN, Connecticut (WTNH) \u2013 Dezenas de manifestantes encheram a Orange Street, em New Haven, na tarde de s\u00e1bado para mostrar solidariedade ao povo palestino no Dia de A\u00e7\u00e3o Global. <\/p>\n<p>Os manifestantes se reuniram em New Haven Green \u00e0s 13h de s\u00e1bado. O ato de ruptura de New Haven foi organizado e apresentado pela Coaliz\u00e3o de Solidariedade \u00e0 Palestina de Connecticut. <\/p>\n<p>O protesto de New Haven foi um dos muitos de 5 de outubro, com com\u00edcios tamb\u00e9m planejados em Virgina, Rhode Island, Nova York e na Casa Branca. <\/p>\n<p>O site <a href=\"http:\/\/shutitdown4palestine.org\">ShutItDown4Palestine.org<\/a> serviu como um centro para organiza\u00e7\u00f5es e ativistas planejarem e registrarem protestos, com o site afirmando: \u201c\u00c0 medida que nos aproximamos da marca de um ano do genoc\u00eddio em Gaza, uma coaliz\u00e3o de organiza\u00e7\u00f5es palestinas na Am\u00e9rica do Norte e na Europa uniram for\u00e7as para um dia internacional de a\u00e7\u00e3o em 5 de outubro: 1 ano de genoc\u00eddio, 1 ano de resist\u00eancia.\u201d  <\/p>\n<p>Nem todos os protestos foram t\u00e3o pac\u00edficos como os de New Haven. <a href=\"https:\/\/apnews.com\/article\/mideast-israel-gaza-war-protests-rallies-propalestine-terror-alerts-b314ac9fc24ab91e3c0639405a15d5d0\">Em Roma<\/a>milhares de ativistas foram submetidos a g\u00e1s lacrimog\u00eaneo e canh\u00f5es de \u00e1gua da pol\u00edcia que tentava dispersar os protestos. <\/p>\n<p>O News 8 entrou em contato com a Coaliz\u00e3o de Solidariedade CT Palestina para comentar e ainda n\u00e3o recebeu not\u00edcias deles. <\/p>\n<p><br \/>\n<br \/><a href=\"https:\/\/www.wtnh.com\/news\/connecticut\/new-haven\/local-activist-gather-in-new-haven-to-show-support-for-palestine-and-the-global-day-of-action\/\">Source link <\/a><\/p>","protected":false},"excerpt":{"rendered":"<p>NEW HAVEN, Connecticut (WTNH) \u2013 Dezenas de manifestantes encheram a Orange Street, em New Haven, na tarde de s\u00e1bado para mostrar solidariedade ao povo palestino no Dia de A\u00e7\u00e3o Global.&hellip;<\/p>","protected":false},"author":1,"featured_media":45205,"comment_status":"closed","ping_status":"open","sticky":false,"template":"","format":"standard","meta":{"content-type":"","footnotes":""},"categories":[1],"tags":[],"class_list":["post-45204","post","type-post","status-publish","format-standard","has-post-thumbnail","hentry","category-uncategorized"],"_links":{"self":[{"href":"https:\/\/tvbrazilusa.com\/pt\/wp-json\/wp\/v2\/posts\/45204","targetHints":{"allow":["GET"]}}],"collection":[{"href":"https:\/\/tvbrazilusa.com\/pt\/wp-json\/wp\/v2\/posts"}],"about":[{"href":"https:\/\/tvbrazilusa.com\/pt\/wp-json\/wp\/v2\/types\/post"}],"author":[{"embeddable":true,"href":"https:\/\/tvbrazilusa.com\/pt\/wp-json\/wp\/v2\/users\/1"}],"replies":[{"embeddable":true,"href":"https:\/\/tvbrazilusa.com\/pt\/wp-json\/wp\/v2\/comments?post=45204"}],"version-history":[{"count":1,"href":"https:\/\/tvbrazilusa.com\/pt\/wp-json\/wp\/v2\/posts\/45204\/revisions"}],"predecessor-version":[{"id":45206,"href":"https:\/\/tvbrazilusa.com\/pt\/wp-json\/wp\/v2\/posts\/45204\/revisions\/45206"}],"wp:featuredmedia":[{"embeddable":true,"href":"https:\/\/tvbrazilusa.com\/pt\/wp-json\/wp\/v2\/media\/45205"}],"wp:attachment":[{"href":"https:\/\/tvbrazilusa.com\/pt\/wp-json\/wp\/v2\/media?parent=45204"}],"wp:term":[{"taxonomy":"category","embeddable":true,"href":"https:\/\/tvbrazilusa.com\/pt\/wp-json\/wp\/v2\/categories?post=45204"},{"taxonomy":"post_tag","embeddable":true,"href":"https:\/\/tvbrazilusa.com\/pt\/wp-json\/wp\/v2\/tags?post=45204"}],"curies":[{"name":"wp","href":"https:\/\/api.w.org\/{rel}","templated":true}]}}