{"id":45210,"date":"2024-10-05T22:15:57","date_gmt":"2024-10-05T22:15:57","guid":{"rendered":"https:\/\/tvbrazilusa.com\/2024\/10\/05\/rodrigo-faro-fala-sobre-internacao-dificil-gravar-o-programa\/"},"modified":"2024-10-05T22:15:58","modified_gmt":"2024-10-05T22:15:58","slug":"rodrigo-faro-fala-sobre-internacao-dificil-gravar-o-programa","status":"publish","type":"post","link":"https:\/\/tvbrazilusa.com\/pt\/2024\/10\/05\/rodrigo-faro-fala-sobre-internacao-dificil-gravar-o-programa\/","title":{"rendered":"Rodrigo Faro fala sobre interna\u00e7\u00e3o: &#8216;Dif\u00edcil gravar o programa&#8217;"},"content":{"rendered":"<p> <script async src=\"https:\/\/pagead2.googlesyndication.com\/pagead\/js\/adsbygoogle.js?client=ca-pub-8864793242727901\"\r\n     crossorigin=\"anonymous\"><\/script><br \/>\n<\/p>\n<div id=\"taboola-read-more\" style=\"display:block; width:100%\">\n<p>A mulher de Rodrigo Faro, a modelo Vera Viel, est\u00e1 internada depois de descobrir um n\u00f3dulo na perna. O casal falou sobre o assunto em um v\u00eddeo publicado no Instagram nesta sexta-feira, 4. Vera aguarda o resultado de uma bi\u00f3psia.\n<\/p>\n<p><a href=\"https:\/\/www.instagram.com\/reel\/DAuMtt0PpP5\/?igsh=MXc5YjU1ZGRkdHZ2bQ==\">https:\/\/www.instagram.com\/reel\/DAuMtt0PpP5\/?igsh=MXc5YjU1ZGRkdHZ2bQ==<\/a><\/p>\n<p>Terra <\/p>\n<\/div>\n<p><script async src=\"\/\/www.instagram.com\/embed.js\"><\/script><br \/>\n<br \/><br \/>\n<br \/><a href=\"https:\/\/diariodobrasilnoticias.com.br\/noticia\/rodrigo-faro-fala-sobre-internacao-dificil-gravar-o-programa-6701b6193aedc\">Source link <\/a><\/p>","protected":false},"excerpt":{"rendered":"<p>A mulher de Rodrigo Faro, a modelo Vera Viel, est\u00e1 internada depois de descobrir um n\u00f3dulo na perna. O casal falou sobre o assunto em um v\u00eddeo publicado no Instagram&hellip;<\/p>","protected":false},"author":1,"featured_media":45211,"comment_status":"closed","ping_status":"open","sticky":false,"template":"","format":"standard","meta":{"content-type":"","footnotes":""},"categories":[16],"tags":[123,2448,5313,1267],"class_list":["post-45210","post","type-post","status-publish","format-standard","has-post-thumbnail","hentry","category-noticias","tag-brasil","tag-diario","tag-noticia","tag-noticias"],"_links":{"self":[{"href":"https:\/\/tvbrazilusa.com\/pt\/wp-json\/wp\/v2\/posts\/45210","targetHints":{"allow":["GET"]}}],"collection":[{"href":"https:\/\/tvbrazilusa.com\/pt\/wp-json\/wp\/v2\/posts"}],"about":[{"href":"https:\/\/tvbrazilusa.com\/pt\/wp-json\/wp\/v2\/types\/post"}],"author":[{"embeddable":true,"href":"https:\/\/tvbrazilusa.com\/pt\/wp-json\/wp\/v2\/users\/1"}],"replies":[{"embeddable":true,"href":"https:\/\/tvbrazilusa.com\/pt\/wp-json\/wp\/v2\/comments?post=45210"}],"version-history":[{"count":1,"href":"https:\/\/tvbrazilusa.com\/pt\/wp-json\/wp\/v2\/posts\/45210\/revisions"}],"predecessor-version":[{"id":45212,"href":"https:\/\/tvbrazilusa.com\/pt\/wp-json\/wp\/v2\/posts\/45210\/revisions\/45212"}],"wp:featuredmedia":[{"embeddable":true,"href":"https:\/\/tvbrazilusa.com\/pt\/wp-json\/wp\/v2\/media\/45211"}],"wp:attachment":[{"href":"https:\/\/tvbrazilusa.com\/pt\/wp-json\/wp\/v2\/media?parent=45210"}],"wp:term":[{"taxonomy":"category","embeddable":true,"href":"https:\/\/tvbrazilusa.com\/pt\/wp-json\/wp\/v2\/categories?post=45210"},{"taxonomy":"post_tag","embeddable":true,"href":"https:\/\/tvbrazilusa.com\/pt\/wp-json\/wp\/v2\/tags?post=45210"}],"curies":[{"name":"wp","href":"https:\/\/api.w.org\/{rel}","templated":true}]}}