{"id":45213,"date":"2024-10-05T22:32:57","date_gmt":"2024-10-05T22:32:57","guid":{"rendered":"https:\/\/tvbrazilusa.com\/2024\/10\/05\/carreta-de-lulas-e-boulos-teve-defesa-ao-comunismo-ao-aborto-e-a-legalizacao-das-drogas-2\/"},"modified":"2024-10-05T22:32:57","modified_gmt":"2024-10-05T22:32:57","slug":"carreta-de-lulas-e-boulos-teve-defesa-ao-comunismo-ao-aborto-e-a-legalizacao-das-drogas-2","status":"publish","type":"post","link":"https:\/\/tvbrazilusa.com\/pt\/2024\/10\/05\/carreta-de-lulas-e-boulos-teve-defesa-ao-comunismo-ao-aborto-e-a-legalizacao-das-drogas-2\/","title":{"rendered":"Carreta de Lulas e Boulos teve defesa ao comunismo, ao aborto e \u00e0 legaliza\u00e7\u00e3o das drogas"},"content":{"rendered":"<p> <script async src=\"https:\/\/pagead2.googlesyndication.com\/pagead\/js\/adsbygoogle.js?client=ca-pub-8864793242727901\"\r\n     crossorigin=\"anonymous\"><\/script><br \/>\n<\/p>\n<div id=\"taboola-read-more\" style=\"display:block; width:100%\">\n<p>No \u00faltimo s\u00e1bado, 5 de outubro de 2024, uma carreata movimentou o cora\u00e7\u00e3o de S\u00e3o Paulo. O evento, que come\u00e7ou \u00e0s 11h na emblem\u00e1tica Avenida Paulista, contou com a presen\u00e7a do presidente Luiz In\u00e1cio Lula da Silva e do candidato \u00e0 prefeitura Guilherme Boulos, do PSOL. A carreata seguiu em dire\u00e7\u00e3o \u00e0 Pra\u00e7a Roosevelt, passando pela ic\u00f4nica Rua Augusta.\n<\/p>\n<p>O ato pol\u00edtico n\u00e3o se limitou a mostrar apoio aos candidatos; foi tamb\u00e9m palco para a defesa de pautas consideradas progressistas. Entre os temas destacaram-se o apoio ao comunismo, ao aborto e \u00e0 libera\u00e7\u00e3o das drogas. A manifesta\u00e7\u00e3o reuniu uma multid\u00e3o de apoiadores, muitos deles empunhando artigos representativos do Movimento dos Trabalhadores Rurais Sem Terra (MST) e do Movimento dos Trabalhadores Sem Teto (MTST), movimentos com os quais Boulos mant\u00e9m uma forte liga\u00e7\u00e3o.<\/p>\n<h2 class=\"wp-block-heading\">Quais pautas dominaram a manifesta\u00e7\u00e3o pol\u00edtica?<\/h2>\n<p>A manifesta\u00e7\u00e3o tamb\u00e9m teve a presen\u00e7a de Marta Suplicy, conhecida figura pol\u00edtica, agora candidata a vice de Boulos. Durante o evento, ela se apresentou no trio el\u00e9trico ao lado dos outros l\u00edderes pol\u00edticos. Vale lembrar que Marta j\u00e1 administrou a cidade de S\u00e3o Paulo de 2001 a 2004, ocupando tamb\u00e9m cargos como senadora e ministra do Turismo.\n<\/p>\n<p>Os adesivos, santinhos e cart\u00f5es distribu\u00eddos em grande quantidade mostravam claramente as pautas defendidas. Elaine Do Quilombo Perif\u00e9rico, por exemplo, destacou-se ao distribuir adesivos que promoviam a legaliza\u00e7\u00e3o da maconha. O PSTU, outro partido envolvido, ressaltava o slogan \u201cdecidir para n\u00e3o morrer\u201d, em campanha pelo aborto legal e gratuito sem restri\u00e7\u00f5es.\n<\/p>\n<h2 class=\"wp-block-heading\">Como os partidos se posicionam frente \u00e0s escolas c\u00edvico-militares?<\/h2>\n<p>Outro ponto de destaque da manifesta\u00e7\u00e3o foi a oposi\u00e7\u00e3o \u00e0 militariza\u00e7\u00e3o das escolas na cidade de S\u00e3o Paulo. O PCdoB e a Uni\u00e3o da Juventude Socialista foram enf\u00e1ticos ao rejeitar o conceito de escolas c\u00edvico-militares, um tema que gera polariza\u00e7\u00e3o. Com o slogan \u201cEscola n\u00e3o \u00e9 quartel\u201d, eles buscaram alertar contra a poss\u00edvel militariza\u00e7\u00e3o das institui\u00e7\u00f5es educacionais.\n<\/p>\n<ul class=\"wp-block-list\">\n<li>Pautas progressistas: defesa do comunismo, aborto e libera\u00e7\u00e3o das drogas.<\/li>\n<li>Participa\u00e7\u00e3o de movimentos sociais como MST e MTST.<\/li>\n<li>Distribui\u00e7\u00e3o de adesivos e material gr\u00e1fico sustentando causas como a legaliza\u00e7\u00e3o da maconha e escolas laicas.<\/li>\n<\/ul>\n<h2 class=\"wp-block-heading\">Qual o cen\u00e1rio pol\u00edtico atual em S\u00e3o Paulo segundo as pesquisas?<\/h2>\n<p>Em meio a tantas manifesta\u00e7\u00f5es e discuss\u00f5es pol\u00edticas, o clima de incerteza nas elei\u00e7\u00f5es de S\u00e3o Paulo se reflete nas pesquisas de inten\u00e7\u00e3o de voto. Dados do Paran\u00e1 Pesquisas, divulgados na noite de 4 de outubro de 2024, indicam um cen\u00e1rio de empate t\u00e9cnico na lideran\u00e7a entre tr\u00eas candidatos.\n<\/p>\n<p>Ricardo Nunes, atual prefeito e candidato \u00e0 reelei\u00e7\u00e3o pelo MDB, lidera numericamente, com 26,8% das inten\u00e7\u00f5es de voto. Guilherme Boulos, com apoio formal do PT, segue de perto com 26%. O empres\u00e1rio Pablo Mar\u00e7al, do PRTB, tamb\u00e9m est\u00e1 na disputa com 24,2% das inten\u00e7\u00f5es. A situa\u00e7\u00e3o indica uma competi\u00e7\u00e3o acirrada pelas duas vagas no segundo turno.\n<\/p>\n<ol class=\"wp-block-list\">\n<li>Ricardo Nunes (MDB): 26,8%<\/li>\n<li>Guilherme Boulos (PSOL): 26%<\/li>\n<li>Pablo Mar\u00e7al (PRTB): 24,2%<\/li>\n<\/ol>\n<p>O cen\u00e1rio pol\u00edtico em S\u00e3o Paulo continua din\u00e2mico e cheio de incertezas, com eleitores atentos \u00e0s movimenta\u00e7\u00f5es dos partidos e candidatos. Com os resultados das elei\u00e7\u00f5es se aproximando, \u00e9 evidente que a pol\u00edtica est\u00e1 em alta, e o engajamento dos cidad\u00e3os ser\u00e1 crucial para definir o futuro da cidade.<\/p>\n<p>Terra Brasil Not\u00edcias\u00a0 <\/p>\n<\/div>\n<p><br \/>\n<br \/><a href=\"https:\/\/diariodobrasilnoticias.com.br\/noticia\/carreta-de-lulas-e-boulos-teve-defesa-ao-comunismo-ao-aborto-e-a-legalizacao-das-drogas-6701a0047a657\">Source link <\/a><\/p>","protected":false},"excerpt":{"rendered":"<p>No \u00faltimo s\u00e1bado, 5 de outubro de 2024, uma carreata movimentou o cora\u00e7\u00e3o de S\u00e3o Paulo. O evento, que come\u00e7ou \u00e0s 11h na emblem\u00e1tica Avenida Paulista, contou com a presen\u00e7a&hellip;<\/p>","protected":false},"author":1,"featured_media":0,"comment_status":"","ping_status":"open","sticky":false,"template":"","format":"standard","meta":{"content-type":"","footnotes":""},"categories":[16],"tags":[123,2448,5313,1267],"class_list":["post-45213","post","type-post","status-publish","format-standard","hentry","category-noticias","tag-brasil","tag-diario","tag-noticia","tag-noticias"],"_links":{"self":[{"href":"https:\/\/tvbrazilusa.com\/pt\/wp-json\/wp\/v2\/posts\/45213","targetHints":{"allow":["GET"]}}],"collection":[{"href":"https:\/\/tvbrazilusa.com\/pt\/wp-json\/wp\/v2\/posts"}],"about":[{"href":"https:\/\/tvbrazilusa.com\/pt\/wp-json\/wp\/v2\/types\/post"}],"author":[{"embeddable":true,"href":"https:\/\/tvbrazilusa.com\/pt\/wp-json\/wp\/v2\/users\/1"}],"replies":[{"embeddable":true,"href":"https:\/\/tvbrazilusa.com\/pt\/wp-json\/wp\/v2\/comments?post=45213"}],"version-history":[{"count":0,"href":"https:\/\/tvbrazilusa.com\/pt\/wp-json\/wp\/v2\/posts\/45213\/revisions"}],"wp:attachment":[{"href":"https:\/\/tvbrazilusa.com\/pt\/wp-json\/wp\/v2\/media?parent=45213"}],"wp:term":[{"taxonomy":"category","embeddable":true,"href":"https:\/\/tvbrazilusa.com\/pt\/wp-json\/wp\/v2\/categories?post=45213"},{"taxonomy":"post_tag","embeddable":true,"href":"https:\/\/tvbrazilusa.com\/pt\/wp-json\/wp\/v2\/tags?post=45213"}],"curies":[{"name":"wp","href":"https:\/\/api.w.org\/{rel}","templated":true}]}}