{"id":45220,"date":"2024-10-05T22:58:14","date_gmt":"2024-10-05T22:58:14","guid":{"rendered":"https:\/\/tvbrazilusa.com\/2024\/10\/05\/campanha-de-boulos-mede-prejuizos-de-laudo-divulgado-por-marcal\/"},"modified":"2024-10-05T22:58:15","modified_gmt":"2024-10-05T22:58:15","slug":"campanha-de-boulos-mede-prejuizos-de-laudo-divulgado-por-marcal","status":"publish","type":"post","link":"https:\/\/tvbrazilusa.com\/pt\/2024\/10\/05\/campanha-de-boulos-mede-prejuizos-de-laudo-divulgado-por-marcal\/","title":{"rendered":"CAMPANHA DE BOULOS MEDE PREJU\u00cdZOS DE LAUDO DIVULGADO POR MAR\u00c7AL"},"content":{"rendered":"<p> <script async src=\"https:\/\/pagead2.googlesyndication.com\/pagead\/js\/adsbygoogle.js?client=ca-pub-8864793242727901\"\r\n     crossorigin=\"anonymous\"><\/script><br \/>\n<\/p>\n<div id=\"taboola-read-more\" style=\"display:block; width:100%\">\n<p>Nos bastidores, aliados e integrantes da campanha de Boulos admitem que, mesmo falso, o laudo m\u00e9dico deve ter impacto negativo para o psolista, ao afastar os eleitores indecisos da candidatura dele.<br \/>A campanha de Boulos avalia, por\u00e9m, que as evid\u00eancias cada vez mais fortes de que Mar\u00e7al divulgou um documento falso tamb\u00e9m devem prejudicar o ex-coach, ao afastar os eleitores moderados dele.<\/p>\n<p>Metr\u00f3poles\u00a0<\/p>\n<p>\u00a0<\/p>\n<\/p><\/div>\n<p><br \/>\n<br \/><a href=\"https:\/\/diariodobrasilnoticias.com.br\/noticia\/campanha-de-boulos-mede-prejuizos-de-laudo-divulgado-por-marcal-6701bf9c19eb7\">Source link <\/a><\/p>","protected":false},"excerpt":{"rendered":"<p>Nos bastidores, aliados e integrantes da campanha de Boulos admitem que, mesmo falso, o laudo m\u00e9dico deve ter impacto negativo para o psolista, ao afastar os eleitores indecisos da candidatura&hellip;<\/p>","protected":false},"author":1,"featured_media":45221,"comment_status":"closed","ping_status":"open","sticky":false,"template":"","format":"standard","meta":{"content-type":"","footnotes":""},"categories":[16],"tags":[123,2448,5313,1267],"class_list":["post-45220","post","type-post","status-publish","format-standard","has-post-thumbnail","hentry","category-noticias","tag-brasil","tag-diario","tag-noticia","tag-noticias"],"_links":{"self":[{"href":"https:\/\/tvbrazilusa.com\/pt\/wp-json\/wp\/v2\/posts\/45220","targetHints":{"allow":["GET"]}}],"collection":[{"href":"https:\/\/tvbrazilusa.com\/pt\/wp-json\/wp\/v2\/posts"}],"about":[{"href":"https:\/\/tvbrazilusa.com\/pt\/wp-json\/wp\/v2\/types\/post"}],"author":[{"embeddable":true,"href":"https:\/\/tvbrazilusa.com\/pt\/wp-json\/wp\/v2\/users\/1"}],"replies":[{"embeddable":true,"href":"https:\/\/tvbrazilusa.com\/pt\/wp-json\/wp\/v2\/comments?post=45220"}],"version-history":[{"count":1,"href":"https:\/\/tvbrazilusa.com\/pt\/wp-json\/wp\/v2\/posts\/45220\/revisions"}],"predecessor-version":[{"id":45222,"href":"https:\/\/tvbrazilusa.com\/pt\/wp-json\/wp\/v2\/posts\/45220\/revisions\/45222"}],"wp:featuredmedia":[{"embeddable":true,"href":"https:\/\/tvbrazilusa.com\/pt\/wp-json\/wp\/v2\/media\/45221"}],"wp:attachment":[{"href":"https:\/\/tvbrazilusa.com\/pt\/wp-json\/wp\/v2\/media?parent=45220"}],"wp:term":[{"taxonomy":"category","embeddable":true,"href":"https:\/\/tvbrazilusa.com\/pt\/wp-json\/wp\/v2\/categories?post=45220"},{"taxonomy":"post_tag","embeddable":true,"href":"https:\/\/tvbrazilusa.com\/pt\/wp-json\/wp\/v2\/tags?post=45220"}],"curies":[{"name":"wp","href":"https:\/\/api.w.org\/{rel}","templated":true}]}}