{"id":45226,"date":"2024-10-05T23:09:54","date_gmt":"2024-10-05T23:09:54","guid":{"rendered":"https:\/\/tvbrazilusa.com\/2024\/10\/05\/urgente-cristina-graeml-dispara-em-pesquisa-e-aparece-no-segundo-turno\/"},"modified":"2024-10-05T23:09:56","modified_gmt":"2024-10-05T23:09:56","slug":"urgente-cristina-graeml-dispara-em-pesquisa-e-aparece-no-segundo-turno","status":"publish","type":"post","link":"https:\/\/tvbrazilusa.com\/pt\/2024\/10\/05\/urgente-cristina-graeml-dispara-em-pesquisa-e-aparece-no-segundo-turno\/","title":{"rendered":"Urgente: Cristina Graeml dispara em pesquisa e aparece no segundo turno"},"content":{"rendered":"<p> <script async src=\"https:\/\/pagead2.googlesyndication.com\/pagead\/js\/adsbygoogle.js?client=ca-pub-8864793242727901\"\r\n     crossorigin=\"anonymous\"><\/script><br \/>\n<\/p>\n<div>\n<figure class=\"post-image\">\n<\/figure>\n<p><span style=\"font-size: 12px\">Cristina e Eduardo est\u00e3o liderando corrida eleitoral | Fotos: Tami Taketani\/Plural<\/span><\/p>\n<div id=\"taboola-read-more\" style=\"display:block; width:100%\">\n<p>Foi divulgada neste s\u00e1bado (05) a pesquisa Quaest, encomendada pela <a href=\"https:\/\/g1.globo.com\/pr\/parana\/eleicoes\/2024\/noticia\/2024\/10\/05\/quaest-em-curitiba-vespera-intencao-de-votos.ghtml\">RPC<\/a>, para a disputa da prefeitura de Curitiba. O vice-prefeito Eduardo Pimentel (PSD) aparece em primeiro, seguido por <a href=\"https:\/\/www.plural.jor.br\/noticias\/poder\/vice-de-cristina-graeml-respondeu-acao-sob-suspeita-de-vender-o-mesmo-terreno-para-dois-compradores\/\">Cristina Graeml<\/a> (PMB) e Luciano Ducci. \u00a0\n<\/p>\n<p>\u00a0<\/p>\n<p>Ao todo, foram entrevistadas 1002 pessoas com mais de 16 anos entre os dias 4 e 5 de outubro. O grau de confiabilidade \u00e9 de 95% e a pesquisa est\u00e1 registrada no Tribunal Superior Eleitoral (TSE) com o n\u00famero PR-04399\/2024.<\/p>\n<h2 class=\"wp-block-heading\">Pimentel lidera<\/h2>\n<p>O candidato de <a href=\"https:\/\/www.plural.jor.br\/noticias\/poder\/governo-de-ratinho-junior-usou-laranjas-para-doar-para-pimentel-afirma-o-portal-metropoles\/\">Rafael Greca <\/a>(PSD), Eduardo Pimentel, aparece com 26% das inten\u00e7\u00f5es de voto, seguido com Graeml, que tem 21%. O terceiro colocado \u00e9 Luciano Ducci (PSB), com 18%. A margem de erro \u00e9 de tr\u00eas pontos, portanto Cristina Graeml e Ducci est\u00e3o tecnicamente empatados para ocupar uma vaga no segundo turno.<br \/>A pesquisa foi estimulada e a um dia da elei\u00e7\u00e3o 2% dos eleitores disseram estar indecisos. Outros 13% afirmaram que votar\u00e3o em branco, nulo ou n\u00e3o ir\u00e3o votar.<\/p>\n<p>Ney Leprevost (Uni\u00e3o Brasil) tem 12% das inten\u00e7\u00f5es de voto, segundo a pesquisa. Roberto Requi\u00e3o (Mobiliza) tem 3%, assim como Luiz\u00e3o Goulart (Solidariedade). Maria Victoria (PP) e Professora Andrea Caldas (PSOL) t\u00eam 1%. Samuel de Mattos (PSTU) e Felipe Bombardelli (PCO) n\u00e3o atingiram 1%.\n<\/p>\n<p>\u00a0<\/p>\n<p>Plural.Jor\u00a0 <\/p>\n<\/div>\n<div class=\"row mt-3\">\n<div class=\"col-sm-6\">\n<p><a href=\"https:\/\/chat.whatsapp.com\/GwURnmOyPiN1XheGYvCspN\" target=\"_blank\" rel=\"noopener\"><br \/>\n<img decoding=\"async\" src=\"https:\/\/diariodobrasilnoticias.com.br\/assets-site\/images\/bot_whatsapp.png\"\/><\/a>\n<\/div>\n<div class=\"col-sm-6\">\n<a href=\"https:\/\/t.me\/+_4gTmi5LKo03OTM5\" target=\"_blank\" rel=\"noopener\"><br \/>\n<img decoding=\"async\" src=\"https:\/\/diariodobrasilnoticias.com.br\/assets-site\/images\/bot_telegram.png\"\/><\/a>\n<\/div>\n<\/div>\n<\/div>\n<p><br \/>\n<br \/><a href=\"https:\/\/diariodobrasilnoticias.com.br\/noticia\/urgente-cristina-graeml-dispara-em-pesquisa-e-aparece-no-segundo-turno-6701c1735d08a\">Source link <\/a><\/p>","protected":false},"excerpt":{"rendered":"<p>Cristina e Eduardo est\u00e3o liderando corrida eleitoral | Fotos: Tami Taketani\/Plural Foi divulgada neste s\u00e1bado (05) a pesquisa Quaest, encomendada pela RPC, para a disputa da prefeitura de Curitiba. O&hellip;<\/p>","protected":false},"author":1,"featured_media":45227,"comment_status":"closed","ping_status":"open","sticky":false,"template":"","format":"standard","meta":{"content-type":"","footnotes":""},"categories":[16],"tags":[123,2448,5313,1267],"class_list":["post-45226","post","type-post","status-publish","format-standard","has-post-thumbnail","hentry","category-noticias","tag-brasil","tag-diario","tag-noticia","tag-noticias"],"_links":{"self":[{"href":"https:\/\/tvbrazilusa.com\/pt\/wp-json\/wp\/v2\/posts\/45226","targetHints":{"allow":["GET"]}}],"collection":[{"href":"https:\/\/tvbrazilusa.com\/pt\/wp-json\/wp\/v2\/posts"}],"about":[{"href":"https:\/\/tvbrazilusa.com\/pt\/wp-json\/wp\/v2\/types\/post"}],"author":[{"embeddable":true,"href":"https:\/\/tvbrazilusa.com\/pt\/wp-json\/wp\/v2\/users\/1"}],"replies":[{"embeddable":true,"href":"https:\/\/tvbrazilusa.com\/pt\/wp-json\/wp\/v2\/comments?post=45226"}],"version-history":[{"count":1,"href":"https:\/\/tvbrazilusa.com\/pt\/wp-json\/wp\/v2\/posts\/45226\/revisions"}],"predecessor-version":[{"id":45228,"href":"https:\/\/tvbrazilusa.com\/pt\/wp-json\/wp\/v2\/posts\/45226\/revisions\/45228"}],"wp:featuredmedia":[{"embeddable":true,"href":"https:\/\/tvbrazilusa.com\/pt\/wp-json\/wp\/v2\/media\/45227"}],"wp:attachment":[{"href":"https:\/\/tvbrazilusa.com\/pt\/wp-json\/wp\/v2\/media?parent=45226"}],"wp:term":[{"taxonomy":"category","embeddable":true,"href":"https:\/\/tvbrazilusa.com\/pt\/wp-json\/wp\/v2\/categories?post=45226"},{"taxonomy":"post_tag","embeddable":true,"href":"https:\/\/tvbrazilusa.com\/pt\/wp-json\/wp\/v2\/tags?post=45226"}],"curies":[{"name":"wp","href":"https:\/\/api.w.org\/{rel}","templated":true}]}}