{"id":45229,"date":"2024-10-05T23:23:35","date_gmt":"2024-10-05T23:23:35","guid":{"rendered":"https:\/\/tvbrazilusa.com\/2024\/10\/05\/ator-mario-gomes-desmaia-e-e-hospitalizado-as-pressas\/"},"modified":"2024-10-05T23:23:37","modified_gmt":"2024-10-05T23:23:37","slug":"ator-mario-gomes-desmaia-e-e-hospitalizado-as-pressas","status":"publish","type":"post","link":"https:\/\/tvbrazilusa.com\/pt\/2024\/10\/05\/ator-mario-gomes-desmaia-e-e-hospitalizado-as-pressas\/","title":{"rendered":"Ator M\u00e1rio Gomes desmaia e \u00e9 hospitalizado \u00e0s pressas"},"content":{"rendered":"<p> <script async src=\"https:\/\/pagead2.googlesyndication.com\/pagead\/js\/adsbygoogle.js?client=ca-pub-8864793242727901\"\r\n     crossorigin=\"anonymous\"><\/script><br \/>\n<\/p>\n<div id=\"taboola-read-more\" style=\"display:block; width:100%\">\n<p>No dia 3 de outubro de 2023, o ator <strong>M\u00e1rio Gomes<\/strong>, conhecido por seus pap\u00e9is ic\u00f4nicos na TV brasileira, foi levado \u00e0s pressas para um hospital no Rio de Janeiro ap\u00f3s desmaiar duas vezes durante grava\u00e7\u00f5es em sua antiga resid\u00eancia. Aos 71 anos, o ator enfrenta um novo susto de sa\u00fade ap\u00f3s ter um hist\u00f3rico de c\u00e2ncer na regi\u00e3o da virilha.\n<\/p>\n<p>O incidente ocorreu enquanto M\u00e1rio Gomes estava envolvido em um projeto no im\u00f3vel de onde foi despejado recentemente. Durante as filmagens, o ator desmaiou repentinamente e foi prontamente atendido por uma equipe de emerg\u00eancia. Na ambul\u00e2ncia, ele relatou estar sentindo fortes dores na \u00e1rea onde anteriormente enfrentou um c\u00e2ncer.<\/p>\n<p>Terra Brasil Not\u00edcias\u00a0 <\/p>\n<\/div>\n<p><br \/>\n<br \/><a href=\"https:\/\/diariodobrasilnoticias.com.br\/noticia\/ator-mario-gomes-desmaia-e-e-hospitalizado-as-pressas-6701a84be7777\">Source link <\/a><\/p>","protected":false},"excerpt":{"rendered":"<p>No dia 3 de outubro de 2023, o ator M\u00e1rio Gomes, conhecido por seus pap\u00e9is ic\u00f4nicos na TV brasileira, foi levado \u00e0s pressas para um hospital no Rio de Janeiro&hellip;<\/p>","protected":false},"author":1,"featured_media":45230,"comment_status":"closed","ping_status":"open","sticky":false,"template":"","format":"standard","meta":{"content-type":"","footnotes":""},"categories":[16],"tags":[123,2448,5313,1267],"class_list":["post-45229","post","type-post","status-publish","format-standard","has-post-thumbnail","hentry","category-noticias","tag-brasil","tag-diario","tag-noticia","tag-noticias"],"_links":{"self":[{"href":"https:\/\/tvbrazilusa.com\/pt\/wp-json\/wp\/v2\/posts\/45229","targetHints":{"allow":["GET"]}}],"collection":[{"href":"https:\/\/tvbrazilusa.com\/pt\/wp-json\/wp\/v2\/posts"}],"about":[{"href":"https:\/\/tvbrazilusa.com\/pt\/wp-json\/wp\/v2\/types\/post"}],"author":[{"embeddable":true,"href":"https:\/\/tvbrazilusa.com\/pt\/wp-json\/wp\/v2\/users\/1"}],"replies":[{"embeddable":true,"href":"https:\/\/tvbrazilusa.com\/pt\/wp-json\/wp\/v2\/comments?post=45229"}],"version-history":[{"count":1,"href":"https:\/\/tvbrazilusa.com\/pt\/wp-json\/wp\/v2\/posts\/45229\/revisions"}],"predecessor-version":[{"id":45231,"href":"https:\/\/tvbrazilusa.com\/pt\/wp-json\/wp\/v2\/posts\/45229\/revisions\/45231"}],"wp:featuredmedia":[{"embeddable":true,"href":"https:\/\/tvbrazilusa.com\/pt\/wp-json\/wp\/v2\/media\/45230"}],"wp:attachment":[{"href":"https:\/\/tvbrazilusa.com\/pt\/wp-json\/wp\/v2\/media?parent=45229"}],"wp:term":[{"taxonomy":"category","embeddable":true,"href":"https:\/\/tvbrazilusa.com\/pt\/wp-json\/wp\/v2\/categories?post=45229"},{"taxonomy":"post_tag","embeddable":true,"href":"https:\/\/tvbrazilusa.com\/pt\/wp-json\/wp\/v2\/tags?post=45229"}],"curies":[{"name":"wp","href":"https:\/\/api.w.org\/{rel}","templated":true}]}}