{"id":45253,"date":"2024-10-06T00:40:49","date_gmt":"2024-10-06T00:40:49","guid":{"rendered":"https:\/\/tvbrazilusa.com\/2024\/10\/06\/2o-perfil-reserva-do-marcal-com-menos-de-tres-horas-de-criado-ja-soma-um-milhao-de-seguidores\/"},"modified":"2024-10-06T00:40:50","modified_gmt":"2024-10-06T00:40:50","slug":"2o-perfil-reserva-do-marcal-com-menos-de-tres-horas-de-criado-ja-soma-um-milhao-de-seguidores","status":"publish","type":"post","link":"https:\/\/tvbrazilusa.com\/pt\/2024\/10\/06\/2o-perfil-reserva-do-marcal-com-menos-de-tres-horas-de-criado-ja-soma-um-milhao-de-seguidores\/","title":{"rendered":"2\u00ba perfil reserva do Mar\u00e7al com menos de tr\u00eas horas de criado j\u00e1 soma um milh\u00e3o de seguidores"},"content":{"rendered":"<p> <script async src=\"https:\/\/pagead2.googlesyndication.com\/pagead\/js\/adsbygoogle.js?client=ca-pub-8864793242727901\"\r\n     crossorigin=\"anonymous\"><\/script><br \/>\n<\/p>\n<div id=\"taboola-read-more\" style=\"display:block; width:100%\">\n<p>Ap\u00f3s ter a conta no Instagram suspensa por decis\u00e3o judicial, Pablo Mar\u00e7al, candidato \u00e0 Prefeitura de S\u00e3o Paulo, voltou \u00e0 rede social com um novo perfil. Perto das 17h, a p\u00e1gina do candidato do PRTB contava com 546 mil seguidores. No in\u00edcio da noite, somava um milh\u00e3o de pessoas.\n<\/p>\n<p>VEJA:\u00a0<\/p>\n<p><a href=\"https:\/\/www.instagram.com\/reel\/DAwlhy7h9ND\/?igsh=MWswcTA2dHozejA1ZA==\">https:\/\/www.instagram.com\/reel\/DAwlhy7h9ND\/?igsh=MWswcTA2dHozejA1ZA==<\/a><\/p>\n<div class=\"mc-column content-text active-extra-styles\">\n<p class=\"content-text__container\">A Justi\u00e7a Eleitoral de S\u00e3o Paulo determinou no in\u00edcio da tarde que a Meta, dona do Instagram, suspendesse a conta dele por 48 horas. A empresa cumpriu a decis\u00e3o logo depois. As p\u00e1ginas do candidato no TikTok, Facebook e YouTube continuam ativas.\n<\/p>\n<\/div>\n<div class=\"mc-column content-text active-extra-styles\">\n<p class=\"content-text__container\">A decis\u00e3o foi uma resposta \u00e0 not\u00edcia crime apresentada pela campanha de Guilherme Boulos, ap\u00f3s Mar\u00e7al publicar laudo falso em que indicava que o candidato do PSOL fazia uso de coca\u00edna. A equipe do psolista tamb\u00e9m pediu a pris\u00e3o preventiva do empres\u00e1rio, o que foi rejeitado pela Justi\u00e7a.\n<\/p>\n<\/div>\n<div class=\"mc-column content-text active-extra-styles\">\n<p class=\"content-text__container\">Juiz de garantias que assina a suspens\u00e3o do Instagram de Mar\u00e7al, Rodrigo Capez, do Tribunal Regional Eleitoral de S\u00e3o Paulo (TRE-SP),\u00a0considerou que o candidato cometeu ao menos quatro crimes eleitorais ao publicar o documento falso sobre o advers\u00e1rio.\n<\/p>\n<\/div>\n<div class=\"mc-column content-text active-extra-styles\">\n<p class=\"content-text__container\">Em ato de campanha, mais cedo, Mar\u00e7al disse a jornalistas que n\u00e3o se arrependia de ter publicado o falso laudo. O empres\u00e1rio tamb\u00e9m tentou se eximir da responsabilidade do conte\u00fado e disse que quem havia emitido o documento era que devia explica\u00e7\u00f5es.\n<\/p>\n<\/div>\n<div class=\"mc-column content-text active-extra-styles\">\n<p class=\"content-text__container\">Pouco tempo ap\u00f3s perder o perfil com 13 milh\u00f5es de seguidores, o ex-coach come\u00e7ou a divulgar entre seus apoiadores a nova conta. Em uma hora meia, mais de vinte v\u00eddeos tinham sido publicados. A maioria deles sobre caminhada de 128km que o candidato far\u00e1 por S\u00e3o Paulo at\u00e9 amanh\u00e3.\n<\/p>\n<\/div>\n<div class=\"mc-column content-text active-extra-styles\">\n<p class=\"content-text__container\">Parte do r\u00e1pido ganho de seguidores do candidato vem do esquema de \u201ccortes\u201d remunerados que existe no Discord e \u00e9 mantido por apoiadores. Logo ap\u00f3s a suspens\u00e3o judicial, perfiis come\u00e7aram a compartilhar na plataforma os v\u00eddeos com a divulga\u00e7\u00e3o da nova conta.\n<\/p>\n<\/div>\n<div class=\"mc-column content-text active-extra-styles\">\n<p class=\"content-text__container\">Essa \u00e9 a segunda vez na campanha que Mar\u00e7al tem as redes derrubadas por decis\u00e3o da justi\u00e7a. Em agosto, o Tribunal Regional Eleitoral de S\u00e3o Paulo suspendeu temporariamente os perfis do ex-coach no Instagram, X (quando estava ativo), Telegram, TikTok e Gettr ap\u00f3s a\u00e7\u00e3o movida pelo PSB, de Tabata Amaral.\n<\/p>\n<\/div>\n<div class=\"mc-column content-text active-extra-styles\">\n<p class=\"content-text__container\">Na ocasi\u00e3o,\u00a0 o juiz Antonio Maria Pati\u00f1o Zorz, da 1\u00aa Zona Eleitoral de S\u00e3o Paulo,considerou que o\u00a0esquema de pagamentos por \u201ccortes\u201d de seus v\u00eddeos para alavancar seus perfis, pr\u00e1tica revelada pelo GLOBO,\u00a0indicaria abuso de poder econ\u00f4mico e dos meios de comunica\u00e7\u00e3o, infringindo as regras eleitorais.\n<\/p>\n<\/div>\n<div class=\"mc-column content-text active-extra-styles\">\n<p class=\"content-text__container\">Em setembro, por quatro votos a tr\u00eas,\u00a0o Tribunal Regional Eleitoral de S\u00e3o Paulo (TRE-SP) manteve a suspens\u00e3o dos perfis\u00a0de Mar\u00e7al, que tamb\u00e9m recorreu a contas reservas nas redes, que rapidamente acumularam milhares de seguidores.\n<\/p>\n<\/div>\n<div>\n<div class=\"mc-column content-text active-extra-styles\">\n<p class=\"content-text__container\">Na manh\u00e3 deste s\u00e1bado, o TRE-SP j\u00e1 havia decidido que as plataformas exclu\u00edssem o v\u00eddeo do falso laudo, mas nem suspensar a conta.\n<\/p>\n<p><strong>O Globo<\/strong>\n<\/p>\n<\/div>\n<\/div><\/div>\n<p><script async src=\"\/\/www.instagram.com\/embed.js\"><\/script><br \/>\n<br \/><br \/>\n<br \/><a href=\"https:\/\/diariodobrasilnoticias.com.br\/noticia\/2-perfil-reserva-do-marcal-com-menos-de-tres-horas-de-criado-ja-soma-um-milhao-de-seguidores-6701c4ade2503\">Source link <\/a><\/p>","protected":false},"excerpt":{"rendered":"<p>Ap\u00f3s ter a conta no Instagram suspensa por decis\u00e3o judicial, Pablo Mar\u00e7al, candidato \u00e0 Prefeitura de S\u00e3o Paulo, voltou \u00e0 rede social com um novo perfil. Perto das 17h, a&hellip;<\/p>","protected":false},"author":1,"featured_media":45254,"comment_status":"closed","ping_status":"open","sticky":false,"template":"","format":"standard","meta":{"content-type":"","footnotes":""},"categories":[16],"tags":[123,2448,5313,1267],"class_list":["post-45253","post","type-post","status-publish","format-standard","has-post-thumbnail","hentry","category-noticias","tag-brasil","tag-diario","tag-noticia","tag-noticias"],"_links":{"self":[{"href":"https:\/\/tvbrazilusa.com\/pt\/wp-json\/wp\/v2\/posts\/45253","targetHints":{"allow":["GET"]}}],"collection":[{"href":"https:\/\/tvbrazilusa.com\/pt\/wp-json\/wp\/v2\/posts"}],"about":[{"href":"https:\/\/tvbrazilusa.com\/pt\/wp-json\/wp\/v2\/types\/post"}],"author":[{"embeddable":true,"href":"https:\/\/tvbrazilusa.com\/pt\/wp-json\/wp\/v2\/users\/1"}],"replies":[{"embeddable":true,"href":"https:\/\/tvbrazilusa.com\/pt\/wp-json\/wp\/v2\/comments?post=45253"}],"version-history":[{"count":1,"href":"https:\/\/tvbrazilusa.com\/pt\/wp-json\/wp\/v2\/posts\/45253\/revisions"}],"predecessor-version":[{"id":45255,"href":"https:\/\/tvbrazilusa.com\/pt\/wp-json\/wp\/v2\/posts\/45253\/revisions\/45255"}],"wp:featuredmedia":[{"embeddable":true,"href":"https:\/\/tvbrazilusa.com\/pt\/wp-json\/wp\/v2\/media\/45254"}],"wp:attachment":[{"href":"https:\/\/tvbrazilusa.com\/pt\/wp-json\/wp\/v2\/media?parent=45253"}],"wp:term":[{"taxonomy":"category","embeddable":true,"href":"https:\/\/tvbrazilusa.com\/pt\/wp-json\/wp\/v2\/categories?post=45253"},{"taxonomy":"post_tag","embeddable":true,"href":"https:\/\/tvbrazilusa.com\/pt\/wp-json\/wp\/v2\/tags?post=45253"}],"curies":[{"name":"wp","href":"https:\/\/api.w.org\/{rel}","templated":true}]}}