{"id":45256,"date":"2024-10-06T00:54:47","date_gmt":"2024-10-06T00:54:47","guid":{"rendered":"https:\/\/tvbrazilusa.com\/2024\/10\/06\/virginia-aparece-com-rosto-deformado-apos-procedimento-veja-foto\/"},"modified":"2024-10-06T00:54:49","modified_gmt":"2024-10-06T00:54:49","slug":"virginia-aparece-com-rosto-deformado-apos-procedimento-veja-foto","status":"publish","type":"post","link":"https:\/\/tvbrazilusa.com\/pt\/2024\/10\/06\/virginia-aparece-com-rosto-deformado-apos-procedimento-veja-foto\/","title":{"rendered":"Virginia aparece com rosto deformado ap\u00f3s procedimento; veja foto"},"content":{"rendered":"<p> <script async src=\"https:\/\/pagead2.googlesyndication.com\/pagead\/js\/adsbygoogle.js?client=ca-pub-8864793242727901\"\r\n     crossorigin=\"anonymous\"><\/script><br \/>\n<\/p>\n<p><a href=\"https:\/\/www.instagram.com\/virginia\/tagged\/\">Virginia Fonseca<\/a> usou as redes sociais na manh\u00e3 deste s\u00e1bado (5\/10) para mostrar seu rosto ap\u00f3s um procedimento est\u00e9tico para melhorar o aspecto da pele. Nos Stories do Instagram, a influenciadora brincou com a situa\u00e7\u00e3o.\n<\/p>\n<div>\n<div id=\"div-gpt-ad-celebridades-quadrado-1\" class=\"ad-displayed\" data-gtm-vis-recent-on-screen104869357_328=\"1609\" data-gtm-vis-first-on-screen104869357_328=\"1609\" data-gtm-vis-total-visible-time104869357_328=\"100\" data-gtm-vis-has-fired104869357_328=\"1\" data-google-query-id=\"CLzp4tWu-IgDFQNsQQIdSQAGag\">\n<p>\u201cFloflo [filha mais nova de Virginia] acordou perguntando se eu queria rem\u00e9dio. Por que ser\u00e1, n\u00e9?\u201d, escreveu Virginia ao mostrar o rosto deformado.<\/p>\n<\/div>\n<\/div>\n<div>\n<p>\u201cEu fiz um laser para cicatriz de espinha e a\u00ed \u00e9 normal ficar assim. A pele tamb\u00e9m est\u00e1 \u00e1spera e fica inchado mesmo, \u00e9 normal. Provavelmente vou ficar at\u00e9 segunda assim\u201d, explicou. \u201cGente, s\u00e9rio. Nunca estive t\u00e3o feia\u201d, completou a influenciadora.\n<\/p>\n<div class=\"m-wrapper-banner-video\">\n<div class=\"m-banner-video m-banner-wrap m-banner-rectangle m-publicity-content-middle\">\n<p><strong>Veja fotos:<\/strong><\/p>\n<figure id=\"attachment_3223609\" class=\"wp-caption aligncenter m-img-wrap\"><span class=\"m-credit\">Reprodu\u00e7\u00e3o<\/span><figcaption id=\"caption-attachment-3223609\" class=\"wp-caption-text\">Virginia mostra rosto deformado ap\u00f3s procedimento<\/figcaption><\/figure>\n<figure id=\"attachment_3223610\" class=\"wp-caption aligncenter m-img-wrap\"><span class=\"m-credit\">Reprodu\u00e7\u00e3o<\/span><\/figure>\n<\/p>\n<\/div>\n<\/div>\n<\/div>\n<p><script async src=\"\/\/www.instagram.com\/embed.js\"><\/script><br \/>\n<br \/><br \/>\n<br \/><a href=\"https:\/\/diariodobrasilnoticias.com.br\/noticia\/virginia-aparece-com-rosto-deformado-apos-procedimento-veja-foto-6701c9c326a5e\">Source link <\/a><\/p>","protected":false},"excerpt":{"rendered":"<p>Virginia Fonseca usou as redes sociais na manh\u00e3 deste s\u00e1bado (5\/10) para mostrar seu rosto ap\u00f3s um procedimento est\u00e9tico para melhorar o aspecto da pele. Nos Stories do Instagram, a&hellip;<\/p>","protected":false},"author":1,"featured_media":45257,"comment_status":"closed","ping_status":"open","sticky":false,"template":"","format":"standard","meta":{"content-type":"","footnotes":""},"categories":[16],"tags":[123,2448,5313,1267],"class_list":["post-45256","post","type-post","status-publish","format-standard","has-post-thumbnail","hentry","category-noticias","tag-brasil","tag-diario","tag-noticia","tag-noticias"],"_links":{"self":[{"href":"https:\/\/tvbrazilusa.com\/pt\/wp-json\/wp\/v2\/posts\/45256","targetHints":{"allow":["GET"]}}],"collection":[{"href":"https:\/\/tvbrazilusa.com\/pt\/wp-json\/wp\/v2\/posts"}],"about":[{"href":"https:\/\/tvbrazilusa.com\/pt\/wp-json\/wp\/v2\/types\/post"}],"author":[{"embeddable":true,"href":"https:\/\/tvbrazilusa.com\/pt\/wp-json\/wp\/v2\/users\/1"}],"replies":[{"embeddable":true,"href":"https:\/\/tvbrazilusa.com\/pt\/wp-json\/wp\/v2\/comments?post=45256"}],"version-history":[{"count":1,"href":"https:\/\/tvbrazilusa.com\/pt\/wp-json\/wp\/v2\/posts\/45256\/revisions"}],"predecessor-version":[{"id":45258,"href":"https:\/\/tvbrazilusa.com\/pt\/wp-json\/wp\/v2\/posts\/45256\/revisions\/45258"}],"wp:featuredmedia":[{"embeddable":true,"href":"https:\/\/tvbrazilusa.com\/pt\/wp-json\/wp\/v2\/media\/45257"}],"wp:attachment":[{"href":"https:\/\/tvbrazilusa.com\/pt\/wp-json\/wp\/v2\/media?parent=45256"}],"wp:term":[{"taxonomy":"category","embeddable":true,"href":"https:\/\/tvbrazilusa.com\/pt\/wp-json\/wp\/v2\/categories?post=45256"},{"taxonomy":"post_tag","embeddable":true,"href":"https:\/\/tvbrazilusa.com\/pt\/wp-json\/wp\/v2\/tags?post=45256"}],"curies":[{"name":"wp","href":"https:\/\/api.w.org\/{rel}","templated":true}]}}