{"id":45265,"date":"2024-10-06T01:19:28","date_gmt":"2024-10-06T01:19:28","guid":{"rendered":"https:\/\/tvbrazilusa.com\/2024\/10\/06\/em-decisao-moraes-alerta-pablo-marcal-cassacao-do-registro-ou-diploma-e-inelegibilidade\/"},"modified":"2024-10-06T01:19:29","modified_gmt":"2024-10-06T01:19:29","slug":"em-decisao-moraes-alerta-pablo-marcal-cassacao-do-registro-ou-diploma-e-inelegibilidade","status":"publish","type":"post","link":"https:\/\/tvbrazilusa.com\/pt\/2024\/10\/06\/em-decisao-moraes-alerta-pablo-marcal-cassacao-do-registro-ou-diploma-e-inelegibilidade\/","title":{"rendered":"Em decis\u00e3o, Moraes alerta Pablo Mar\u00e7al: \u2018cassa\u00e7\u00e3o do registro ou diploma\u2019 e \u2018inelegibilidade\u2019"},"content":{"rendered":"<p> <script async src=\"https:\/\/pagead2.googlesyndication.com\/pagead\/js\/adsbygoogle.js?client=ca-pub-8864793242727901\"\r\n     crossorigin=\"anonymous\"><\/script><br \/>\n<\/p>\n<div id=\"taboola-read-more\" style=\"display:block; width:100%\">\n<p>Conforme noticiado pelo Conex\u00e3o Pol\u00edtica, o ministro Alexandre de Moraes, do Supremo Tribunal Federal (STF), intimou o empres\u00e1rio Pablo Mar\u00e7al, candidato do PRTB \u00e0 Prefeitura de S\u00e3o Paulo, para prestar depoimento no prazo de 24 horas por supostamente burlar o bloqueio imposto \u00e0 rede social X no Brasil.\n<\/p>\n<p>De acordo com o ministro, a Pol\u00edcia Federal (PF) forneceu informa\u00e7\u00f5es indicando que o perfil de Mar\u00e7al tem feito \u201cintenso uso da plataforma\u201d nas \u00faltimas horas, o que pode ser interpretado como \u201cabuso de poder econ\u00f4mico\u201d e \u201cuso indevido dos meios de comunica\u00e7\u00e3o\u201d.<\/p>\n<p>Na decis\u00e3o que determinou a intima\u00e7\u00e3o do candidato, Moraes destacou que, caso seja constatado abuso de poder econ\u00f4mico e uso indevido dos meios de comunica\u00e7\u00e3o, isso representaria uma \u201cviola\u00e7\u00e3o grave \u00e0 legitimidade e normalidade\u201d do processo democr\u00e1tico.\n<\/p>\n<p>O ministro ressaltou ainda que, se for provado, o caso pode resultar na cassa\u00e7\u00e3o do registro de candidatura ou, caso eleito, na perda do diploma, al\u00e9m de poder ser declarada a inelegibilidade do candidato, com base em precedentes do Tribunal Superior Eleitoral (TSE).\n<\/p>\n<p>Ressalta-se que o uso sistem\u00e1tico deste perfil na data de hoje, bem como nos dias anteriores, se amolda \u00e0 hip\u00f3tese de monitoramento de casos extremados, em que usu\u00e1rios utilizam subterf\u00fagios para acessar e publicar na plataforma X, de forma sistem\u00e1tica e indevida, com a finalidade de propagar desinforma\u00e7\u00e3o em rela\u00e7\u00e3o as elei\u00e7\u00f5es de 2024, com discurso de \u00f3dio e antidemocr\u00e1ticos, conforme manifesta\u00e7\u00e3o da Procuradoria-Geral da Rep\u00fablica\u201d, afirma um trecho do despacho.\n<\/p>\n<p>\u201cA conduta de Pablo Mar\u00e7al, em tese, caracteriza abuso do poder econ\u00f4mico e no uso indevido dos meios de comunica\u00e7\u00e3o, sendo grave a afronta \u00e0 legitimidade e normalidade do pleito eleitoral, podendo acarretar a cassa\u00e7\u00e3o do registro ou do diploma e inelegibilidade, conforme decidido pelo Tribunal Superior Eleitoral\u201d, diz outra parte.<\/p>\n<p>Conex\u00e3o Pol\u00edtica\u00a0 <\/p>\n<\/div>\n<p><br \/>\n<br \/><a href=\"https:\/\/diariodobrasilnoticias.com.br\/noticia\/em-decisao-moraes-alerta-pablo-marcal-cassacao-do-registro-ou-diploma-e-inelegibilidade-6701b8b14dec8\">Source link <\/a><\/p>","protected":false},"excerpt":{"rendered":"<p>Conforme noticiado pelo Conex\u00e3o Pol\u00edtica, o ministro Alexandre de Moraes, do Supremo Tribunal Federal (STF), intimou o empres\u00e1rio Pablo Mar\u00e7al, candidato do PRTB \u00e0 Prefeitura de S\u00e3o Paulo, para prestar&hellip;<\/p>","protected":false},"author":1,"featured_media":45266,"comment_status":"closed","ping_status":"open","sticky":false,"template":"","format":"standard","meta":{"content-type":"","footnotes":""},"categories":[16],"tags":[123,2448,5313,1267],"class_list":["post-45265","post","type-post","status-publish","format-standard","has-post-thumbnail","hentry","category-noticias","tag-brasil","tag-diario","tag-noticia","tag-noticias"],"_links":{"self":[{"href":"https:\/\/tvbrazilusa.com\/pt\/wp-json\/wp\/v2\/posts\/45265","targetHints":{"allow":["GET"]}}],"collection":[{"href":"https:\/\/tvbrazilusa.com\/pt\/wp-json\/wp\/v2\/posts"}],"about":[{"href":"https:\/\/tvbrazilusa.com\/pt\/wp-json\/wp\/v2\/types\/post"}],"author":[{"embeddable":true,"href":"https:\/\/tvbrazilusa.com\/pt\/wp-json\/wp\/v2\/users\/1"}],"replies":[{"embeddable":true,"href":"https:\/\/tvbrazilusa.com\/pt\/wp-json\/wp\/v2\/comments?post=45265"}],"version-history":[{"count":1,"href":"https:\/\/tvbrazilusa.com\/pt\/wp-json\/wp\/v2\/posts\/45265\/revisions"}],"predecessor-version":[{"id":45267,"href":"https:\/\/tvbrazilusa.com\/pt\/wp-json\/wp\/v2\/posts\/45265\/revisions\/45267"}],"wp:featuredmedia":[{"embeddable":true,"href":"https:\/\/tvbrazilusa.com\/pt\/wp-json\/wp\/v2\/media\/45266"}],"wp:attachment":[{"href":"https:\/\/tvbrazilusa.com\/pt\/wp-json\/wp\/v2\/media?parent=45265"}],"wp:term":[{"taxonomy":"category","embeddable":true,"href":"https:\/\/tvbrazilusa.com\/pt\/wp-json\/wp\/v2\/categories?post=45265"},{"taxonomy":"post_tag","embeddable":true,"href":"https:\/\/tvbrazilusa.com\/pt\/wp-json\/wp\/v2\/tags?post=45265"}],"curies":[{"name":"wp","href":"https:\/\/api.w.org\/{rel}","templated":true}]}}