{"id":45271,"date":"2024-10-06T01:34:48","date_gmt":"2024-10-06T01:34:48","guid":{"rendered":"https:\/\/tvbrazilusa.com\/2024\/10\/06\/incendio-atinge-museu-da-casa-brasileira-em-sao-paulo\/"},"modified":"2024-10-06T01:34:49","modified_gmt":"2024-10-06T01:34:49","slug":"incendio-atinge-museu-da-casa-brasileira-em-sao-paulo","status":"publish","type":"post","link":"https:\/\/tvbrazilusa.com\/pt\/2024\/10\/06\/incendio-atinge-museu-da-casa-brasileira-em-sao-paulo\/","title":{"rendered":"Inc\u00eandio atinge Museu da Casa Brasileira, em S\u00e3o Paulo"},"content":{"rendered":"<p> <script async src=\"https:\/\/pagead2.googlesyndication.com\/pagead\/js\/adsbygoogle.js?client=ca-pub-8864793242727901\"\r\n     crossorigin=\"anonymous\"><\/script><br \/>\n<\/p>\n<div id=\"taboola-read-more\" style=\"display:block; width:100%\">\n<div class=\"vjs-control-bar\" dir=\"ltr\">\n<div class=\"vjs-volume-panel vjs-control vjs-volume-panel-vertical vjs-mute-toggle-only\">\n<div class=\"vjs-logo-content\"><\/div>\n<p>\u00a0<\/p>\n<\/div>\n<\/div>\n<p class=\"dark:base-text-neutral-high-400 base-text-[calc(theme(fontSize.xs)_*_var(--font-size,_1))] base-font-normal base-font-primary base-text-neutral-low-500 base-text-left\"><span class=\"b-article-body__text\">Um inc\u00eandio atingiu o Museu da Casa Brasileira, na Avenida Faria Lima, em Pinheiros, na zona oeste de S\u00e3o Paulo, na tarde desde s\u00e1bado (5).<\/span>\n<\/p>\n<p class=\"dark:base-text-neutral-high-400 base-text-[calc(theme(fontSize.xs)_*_var(--font-size,_1))] base-font-normal base-font-primary base-text-neutral-low-500 base-text-left\"><span class=\"b-article-body__text\">Segundo o Corpo de Bombeiros, o fogo no local teria come\u00e7ado por volta das 15h50. Ainda de acordo com a corpora\u00e7\u00e3o, nove equipes foram encaminhadas ao endere\u00e7o.<\/span><\/p>\n<p>\u00a0<\/p>\n<p class=\"dark:base-text-neutral-high-400 base-text-[calc(theme(fontSize.xs)_*_var(--font-size,_1))] base-font-normal base-font-primary base-text-neutral-low-500 base-text-left\"><span class=\"b-article-body__text\">Os bombeiros divulgaram que um homem estava trabalhando no local e, na chegada da equipe, ele se se queixou de contus\u00e3o na perna. A v\u00edtima foi socorrida ao Pronto Socorro do Hospital Campo Limpo.<\/span>\n<\/p>\n<p class=\"dark:base-text-neutral-high-400 base-text-[calc(theme(fontSize.xs)_*_var(--font-size,_1))] base-font-normal base-font-primary base-text-neutral-low-500 base-text-left\"><span class=\"b-article-body__text\">At\u00e9 o momento, n\u00e3o h\u00e1 informa\u00e7\u00f5es sobre as causas das chamas.<\/span>\n<\/p>\n<p class=\"dark:base-text-neutral-high-400 base-text-[calc(theme(fontSize.xs)_*_var(--font-size,_1))] base-font-normal base-font-primary base-text-neutral-low-500 base-text-left\"><span class=\"b-article-body__text\">O Museu da Casa Brasileira foi constru\u00eddo entre 1942 e 1945, o antigo Solar Prado, implantado em um terreno de cerca de 15 mil metros quadrados. O espa\u00e7o re\u00fane itens de diversas \u00e9pocas da hist\u00f3ria da moradia no pa\u00eds.<\/span>\n<\/p>\n<p class=\"dark:base-text-neutral-high-400 base-text-[calc(theme(fontSize.xs)_*_var(--font-size,_1))] base-font-normal base-font-primary base-text-neutral-low-500 base-text-left\"><span class=\"b-article-body__text\">Uma exposi\u00e7\u00e3o em comemora\u00e7\u00e3o dos 30 anos do <em>Castelo R\u00e1-Tim-Bum<\/em> estava agendada para ocorrer a partir da pr\u00f3xima quinta-feira (10).<\/span>\n<\/p>\n<p class=\"dark:base-text-neutral-high-400 base-text-[calc(theme(fontSize.xs)_*_var(--font-size,_1))] base-font-normal base-font-primary base-text-neutral-low-500 base-text-left\"><span class=\"b-article-body__text\">R7<\/span> <\/p>\n<\/div>\n<p><br \/>\n<br \/><a href=\"https:\/\/diariodobrasilnoticias.com.br\/noticia\/incendio-atinge-museu-da-casa-brasileira-em-sao-paulo-6701d11b14c86\">Source link <\/a><\/p>","protected":false},"excerpt":{"rendered":"<p>\u00a0 Um inc\u00eandio atingiu o Museu da Casa Brasileira, na Avenida Faria Lima, em Pinheiros, na zona oeste de S\u00e3o Paulo, na tarde desde s\u00e1bado (5). Segundo o Corpo de&hellip;<\/p>","protected":false},"author":1,"featured_media":45272,"comment_status":"closed","ping_status":"open","sticky":false,"template":"","format":"standard","meta":{"content-type":"","footnotes":""},"categories":[16],"tags":[123,2448,5313,1267],"class_list":["post-45271","post","type-post","status-publish","format-standard","has-post-thumbnail","hentry","category-noticias","tag-brasil","tag-diario","tag-noticia","tag-noticias"],"_links":{"self":[{"href":"https:\/\/tvbrazilusa.com\/pt\/wp-json\/wp\/v2\/posts\/45271","targetHints":{"allow":["GET"]}}],"collection":[{"href":"https:\/\/tvbrazilusa.com\/pt\/wp-json\/wp\/v2\/posts"}],"about":[{"href":"https:\/\/tvbrazilusa.com\/pt\/wp-json\/wp\/v2\/types\/post"}],"author":[{"embeddable":true,"href":"https:\/\/tvbrazilusa.com\/pt\/wp-json\/wp\/v2\/users\/1"}],"replies":[{"embeddable":true,"href":"https:\/\/tvbrazilusa.com\/pt\/wp-json\/wp\/v2\/comments?post=45271"}],"version-history":[{"count":1,"href":"https:\/\/tvbrazilusa.com\/pt\/wp-json\/wp\/v2\/posts\/45271\/revisions"}],"predecessor-version":[{"id":45273,"href":"https:\/\/tvbrazilusa.com\/pt\/wp-json\/wp\/v2\/posts\/45271\/revisions\/45273"}],"wp:featuredmedia":[{"embeddable":true,"href":"https:\/\/tvbrazilusa.com\/pt\/wp-json\/wp\/v2\/media\/45272"}],"wp:attachment":[{"href":"https:\/\/tvbrazilusa.com\/pt\/wp-json\/wp\/v2\/media?parent=45271"}],"wp:term":[{"taxonomy":"category","embeddable":true,"href":"https:\/\/tvbrazilusa.com\/pt\/wp-json\/wp\/v2\/categories?post=45271"},{"taxonomy":"post_tag","embeddable":true,"href":"https:\/\/tvbrazilusa.com\/pt\/wp-json\/wp\/v2\/tags?post=45271"}],"curies":[{"name":"wp","href":"https:\/\/api.w.org\/{rel}","templated":true}]}}