{"id":45277,"date":"2024-10-06T02:13:07","date_gmt":"2024-10-06T02:13:07","guid":{"rendered":"https:\/\/tvbrazilusa.com\/2024\/10\/06\/neymar-so-deve-voltar-ao-futebol-em-2025-com-patrimonio-de-r-44-bilhoes-negocia-a-compra-de-uma-ilha-por-r-70-milhoes-2\/"},"modified":"2024-10-06T02:32:50","modified_gmt":"2024-10-06T02:32:50","slug":"neymar-so-deve-voltar-ao-futebol-em-2025-com-patrimonio-de-r-44-bilhoes-negocia-a-compra-de-uma-ilha-por-r-70-milhoes-2","status":"publish","type":"post","link":"https:\/\/tvbrazilusa.com\/pt\/2024\/10\/06\/neymar-so-deve-voltar-ao-futebol-em-2025-com-patrimonio-de-r-44-bilhoes-negocia-a-compra-de-uma-ilha-por-r-70-milhoes-2\/","title":{"rendered":"Neymar s\u00f3 deve voltar ao futebol em 2025. Com patrim\u00f4nio de R$ 4,4 bilh\u00f5es, negocia a compra de uma ilha. Por R$ 70 milh\u00f5es"},"content":{"rendered":"<p> <script async src=\"https:\/\/pagead2.googlesyndication.com\/pagead\/js\/adsbygoogle.js?client=ca-pub-8864793242727901\"\r\n     crossorigin=\"anonymous\"><\/script><br \/>\n<\/p>\n<div>\n<p class=\"dark:base-text-neutral-high-400 base-text-[calc(theme(fontSize.xs)_*_var(--font-size,_1))] base-font-normal base-font-primary base-text-neutral-low-500 base-text-left\"><span class=\"b-article-body__text\"><strong>S\u00e3o 25 c\u00f4modos, 3 saunas, uma piscina de 40 metros e uma garagem com 8 carros de luxo.<\/strong><\/span>\n<\/p>\n<p class=\"dark:base-text-neutral-high-400 base-text-[calc(theme(fontSize.xs)_*_var(--font-size,_1))] base-font-normal base-font-primary base-text-neutral-low-500 base-text-left\"><span class=\"b-article-body__text\"><strong>H\u00e1 outras in\u00fameras propriedades que a imprensa apenas desconfia que perten\u00e7am ao jogador.<\/strong><\/span>\n<\/p>\n<p class=\"dark:base-text-neutral-high-400 base-text-[calc(theme(fontSize.xs)_*_var(--font-size,_1))] base-font-normal base-font-primary base-text-neutral-low-500 base-text-left\"><span class=\"b-article-body__text\"><strong>Al\u00e9m de jato particular, helic\u00f3ptero, cole\u00e7\u00e3o de carros, iate.<\/strong><\/span>\n<\/p>\n<p class=\"dark:base-text-neutral-high-400 base-text-[calc(theme(fontSize.xs)_*_var(--font-size,_1))] base-font-normal base-font-primary base-text-neutral-low-500 base-text-left\"><span class=\"b-article-body__text\"><strong>Neymar n\u00e3o pode reclamar de falta de conforto na vida.<\/strong><\/span>\n<\/p>\n<p class=\"dark:base-text-neutral-high-400 base-text-[calc(theme(fontSize.xs)_*_var(--font-size,_1))] base-font-normal base-font-primary base-text-neutral-low-500 base-text-left\"><span class=\"b-article-body__text\"><strong>Gra\u00e7as ao talento e uso midi\u00e1tico de sua imagem, construiu um patrim\u00f4nio bilion\u00e1rio.<\/strong><\/span>\n<\/p>\n<p class=\"dark:base-text-neutral-high-400 base-text-[calc(theme(fontSize.xs)_*_var(--font-size,_1))] base-font-normal base-font-primary base-text-neutral-low-500 base-text-left\"><span class=\"b-article-body__text\"><strong>De acordo com a revista especializada Forbes, j\u00e1 tem mais de R$ 4,4 bilh\u00f5es.<\/strong><\/span>\n<\/p>\n<p class=\"dark:base-text-neutral-high-400 base-text-[calc(theme(fontSize.xs)_*_var(--font-size,_1))] base-font-normal base-font-primary base-text-neutral-low-500 base-text-left\"><span class=\"b-article-body__text\"><strong>A compara\u00e7\u00e3o \u00e9 assustadora em rela\u00e7\u00e3o a Pel\u00e9, maior jogador de todos os tempos.<\/strong><\/span>\n<\/p>\n<p class=\"dark:base-text-neutral-high-400 base-text-[calc(theme(fontSize.xs)_*_var(--font-size,_1))] base-font-normal base-font-primary base-text-neutral-low-500 base-text-left\"><span class=\"b-article-body__text\"><strong>A publica\u00e7\u00e3o Exame avaliou que Pel\u00e9 conseguiu reunir em toda sua vida, R$ 78 milh\u00f5es.<\/strong><\/span>\n<\/p>\n<p class=\"dark:base-text-neutral-high-400 base-text-[calc(theme(fontSize.xs)_*_var(--font-size,_1))] base-font-normal base-font-primary base-text-neutral-low-500 base-text-left\"><span class=\"b-article-body__text\"><strong>E neste s\u00e1bado vazou mais uma negocia\u00e7\u00e3o do atacante.<\/strong><\/span>\n<\/p>\n<p class=\"dark:base-text-neutral-high-400 base-text-[calc(theme(fontSize.xs)_*_var(--font-size,_1))] base-font-normal base-font-primary base-text-neutral-low-500 base-text-left\"><span class=\"b-article-body__text\"><strong>Ele est\u00e1 negociando a compra de uma ilha paradis\u00edaca, para chamar de sua.<\/strong><\/span>\n<\/p>\n<p class=\"dark:base-text-neutral-high-400 base-text-[calc(theme(fontSize.xs)_*_var(--font-size,_1))] base-font-normal base-font-primary base-text-neutral-low-500 base-text-left\"><span class=\"b-article-body__text\"><strong>A Ilha do Jap\u00e3o.<\/strong><\/span>\n<\/p>\n<p class=\"dark:base-text-neutral-high-400 base-text-[calc(theme(fontSize.xs)_*_var(--font-size,_1))] base-font-normal base-font-primary base-text-neutral-low-500 base-text-left\"><span class=\"b-article-body__text\"><strong>Lugar absolutamente privativo, em Angra dos Reis.<\/strong><\/span>\n<\/p>\n<p class=\"dark:base-text-neutral-high-400 base-text-[calc(theme(fontSize.xs)_*_var(--font-size,_1))] base-font-normal base-font-primary base-text-neutral-low-500 base-text-left\"><span class=\"b-article-body__text\"><strong>Por onde se chega apenas de helic\u00f3ptero, barco ou iate.<\/strong><\/span><\/p>\n<figure class=\"c-media-item b-article-body__image promo-image centered image-full-screen\"><figcaption class=\"c-media-item__fig-caption\"><span class=\"c-media-item__caption\">Ilha do Jap\u00e3o. Local mais do que exclusivo. Neymar negocia a compra <\/span><span class=\"c-media-item__credit\">Reprodu\u00e7\u00e3o\/Instagram Ilha do Jap\u00e3o <\/span><\/figcaption><\/figure>\n<p class=\"dark:base-text-neutral-high-400 base-text-[calc(theme(fontSize.xs)_*_var(--font-size,_1))] base-font-normal base-font-primary base-text-neutral-low-500 base-text-left\"><span class=\"b-article-body__text\"><strong>Ela fica sete quil\u00f4metros distante da \u2018terra firme\u2019.<\/strong><\/span>\n<\/p>\n<p class=\"dark:base-text-neutral-high-400 base-text-[calc(theme(fontSize.xs)_*_var(--font-size,_1))] base-font-normal base-font-primary base-text-neutral-low-500 base-text-left\"><span class=\"b-article-body__text\"><strong>Na ilha foi constru\u00edda uma enorme casa principal, no estilo tailand\u00eas, com piscina, jacuzzi, de frente para o mar.<\/strong><\/span>\n<\/p>\n<p class=\"dark:base-text-neutral-high-400 base-text-[calc(theme(fontSize.xs)_*_var(--font-size,_1))] base-font-normal base-font-primary base-text-neutral-low-500 base-text-left\"><span class=\"b-article-body__text\"><strong>Al\u00e9m de cinco outros bangal\u00f4s.<\/strong><\/span>\n<\/p>\n<p class=\"dark:base-text-neutral-high-400 base-text-[calc(theme(fontSize.xs)_*_var(--font-size,_1))] base-font-normal base-font-primary base-text-neutral-low-500 base-text-left\"><span class=\"b-article-body__text\"><strong>Ela pertence a um empres\u00e1rio canadense, que est\u00e1 disposto a vend\u00ea-la.<\/strong><\/span>\n<\/p>\n<p class=\"dark:base-text-neutral-high-400 base-text-[calc(theme(fontSize.xs)_*_var(--font-size,_1))] base-font-normal base-font-primary base-text-neutral-low-500 base-text-left\"><span class=\"b-article-body__text\"><strong>O pre\u00e7o \u00e9 de R$ 70 milh\u00f5es.<\/strong><\/span><\/p>\n<figure class=\"c-media-item b-article-body__image promo-image centered image-full-screen\">\n<div id=\"\" class=\"image-wrapper\"><\/div><figcaption class=\"c-media-item__fig-caption\"><span class=\"c-media-item__caption\">Neymar n\u00e3o \u2018perdeu tempo\u2019 enquanto se recuperava da cirurgia no joelho. \u2018Seu\u2019 cruzeiro fez muito sucesso <\/span><span class=\"c-media-item__credit\">Divulga\u00e7\u00e3o <\/span><\/figcaption><\/figure>\n<p class=\"dark:base-text-neutral-high-400 base-text-[calc(theme(fontSize.xs)_*_var(--font-size,_1))] base-font-normal base-font-primary base-text-neutral-low-500 base-text-left\"><span class=\"b-article-body__text\"><strong>Os ex-jogadores Emerson Sheik, Thiago Maia e Diego Ribas j\u00e1 tentaram compr\u00e1-la.<\/strong><\/span>\n<\/p>\n<p class=\"dark:base-text-neutral-high-400 base-text-[calc(theme(fontSize.xs)_*_var(--font-size,_1))] base-font-normal base-font-primary base-text-neutral-low-500 base-text-left\"><span class=\"b-article-body__text\"><strong>A expectativa \u00e9 que Neymar deva passar alguns dias neste m\u00eas na propriedade, para finalizar, ou n\u00e3o, a compra.<\/strong><\/span>\n<\/p>\n<p class=\"dark:base-text-neutral-high-400 base-text-[calc(theme(fontSize.xs)_*_var(--font-size,_1))] base-font-normal base-font-primary base-text-neutral-low-500 base-text-left\"><span class=\"b-article-body__text\"><strong>Os tr\u00eas dias que estaria planejando custariam R$ 50 mil pela hospedagem.<\/strong><\/span>\n<\/p>\n<p class=\"dark:base-text-neutral-high-400 base-text-[calc(theme(fontSize.xs)_*_var(--font-size,_1))] base-font-normal base-font-primary base-text-neutral-low-500 base-text-left\"><span class=\"b-article-body__text\"><strong>Toda a ilha ficaria \u00e0 sua disposi\u00e7\u00e3o.<\/strong><\/span>\n<\/p>\n<p class=\"dark:base-text-neutral-high-400 base-text-[calc(theme(fontSize.xs)_*_var(--font-size,_1))] base-font-normal base-font-primary base-text-neutral-low-500 base-text-left\"><span class=\"b-article-body__text\"><strong>Para levar quem quisesse.<\/strong><\/span>\n<\/p>\n<p class=\"dark:base-text-neutral-high-400 base-text-[calc(theme(fontSize.xs)_*_var(--font-size,_1))] base-font-normal base-font-primary base-text-neutral-low-500 base-text-left\"><span class=\"b-article-body__text\"><strong>A assessoria de Neymar n\u00e3o confirma e nem desmente a negocia\u00e7\u00e3o.<\/strong><\/span>\n<\/p>\n<p class=\"dark:base-text-neutral-high-400 base-text-[calc(theme(fontSize.xs)_*_var(--font-size,_1))] base-font-normal base-font-primary base-text-neutral-low-500 base-text-left\"><span class=\"b-article-body__text\"><strong>Assim como tamb\u00e9m sua viagem da Ar\u00e1bia Saudita para o Brasil, nesta data Fifa.<\/strong><\/span><\/p>\n<figure class=\"c-media-item b-article-body__image promo-image centered image-full-screen\">\n<div id=\"\" class=\"image-wrapper\"><img fetchpriority=\"high\" decoding=\"async\" class=\"c-image\" src=\"https:\/\/newr7-r7-prod.web.arc-cdn.net\/resizer\/v2\/VZ7W55M3GZBWNJ2ZED4FX4XGT4.png?auth=089c2a8057eccb475d4e5dc9e5d6ba3e28dc0a4d418200efb0bdad4897905ddd&#038;width=2100&#038;height=1268\" srcset=\"https:\/\/newr7-r7-prod.web.arc-cdn.net\/resizer\/v2\/VZ7W55M3GZBWNJ2ZED4FX4XGT4.png?auth=089c2a8057eccb475d4e5dc9e5d6ba3e28dc0a4d418200efb0bdad4897905ddd&#038;width=390&#038;height=235 390w, https:\/\/newr7-r7-prod.web.arc-cdn.net\/resizer\/v2\/VZ7W55M3GZBWNJ2ZED4FX4XGT4.png?auth=089c2a8057eccb475d4e5dc9e5d6ba3e28dc0a4d418200efb0bdad4897905ddd&#038;width=460&#038;height=277 460w, https:\/\/newr7-r7-prod.web.arc-cdn.net\/resizer\/v2\/VZ7W55M3GZBWNJ2ZED4FX4XGT4.png?auth=089c2a8057eccb475d4e5dc9e5d6ba3e28dc0a4d418200efb0bdad4897905ddd&#038;width=660&#038;height=398 660w, https:\/\/newr7-r7-prod.web.arc-cdn.net\/resizer\/v2\/VZ7W55M3GZBWNJ2ZED4FX4XGT4.png?auth=089c2a8057eccb475d4e5dc9e5d6ba3e28dc0a4d418200efb0bdad4897905ddd&#038;width=770&#038;height=464 770w\" alt=\"\" width=\"2100\" height=\"1268\" data-chromatic=\"ignore\"\/><\/div><figcaption class=\"c-media-item__fig-caption\"><span class=\"c-media-item__caption\">Neymar \u00e9 um dos embaixadores da Copa de 2034, na Ar\u00e1bia Saudita <\/span><span class=\"c-media-item__credit\">Reprodu\u00e7\u00e3o\/Al Hilal <\/span><\/figcaption><\/figure>\n<p class=\"dark:base-text-neutral-high-400 base-text-[calc(theme(fontSize.xs)_*_var(--font-size,_1))] base-font-normal base-font-primary base-text-neutral-low-500 base-text-left\"><span class=\"b-article-body__text\"><strong>A not\u00edcia, divulgada pelo colunista Leo Dias, ganhou repercuss\u00e3o mundial.<\/strong><\/span>\n<\/p>\n<p class=\"dark:base-text-neutral-high-400 base-text-[calc(theme(fontSize.xs)_*_var(--font-size,_1))] base-font-normal base-font-primary base-text-neutral-low-500 base-text-left\"><span class=\"b-article-body__text\"><strong>Outra vez Neymar ganha espa\u00e7o na m\u00eddia sem jogar futebol.<\/strong><\/span>\n<\/p>\n<p class=\"dark:base-text-neutral-high-400 base-text-[calc(theme(fontSize.xs)_*_var(--font-size,_1))] base-font-normal base-font-primary base-text-neutral-low-500 base-text-left\"><span class=\"b-article-body__text\"><strong>A \u00faltima vez que entrou em campo foi em outubro de 2023, quando rompeu os ligamentos cruzados anteriores do joelho esquerdo.<\/strong><\/span>\n<\/p>\n<p class=\"dark:base-text-neutral-high-400 base-text-[calc(theme(fontSize.xs)_*_var(--font-size,_1))] base-font-normal base-font-primary base-text-neutral-low-500 base-text-left\"><span class=\"b-article-body__text\"><strong>Segue na fase final de recupera\u00e7\u00e3o.<\/strong><\/span>\n<\/p>\n<p class=\"dark:base-text-neutral-high-400 base-text-[calc(theme(fontSize.xs)_*_var(--font-size,_1))] base-font-normal base-font-primary base-text-neutral-low-500 base-text-left\"><span class=\"b-article-body__text\"><strong>Ele completar\u00e1 33 anos no dia 1\u00ba de fevereiro de 2025.<\/strong><\/span>\n<\/p>\n<p class=\"dark:base-text-neutral-high-400 base-text-[calc(theme(fontSize.xs)_*_var(--font-size,_1))] base-font-normal base-font-primary base-text-neutral-low-500 base-text-left\"><span class=\"b-article-body__text\">\u00a0<\/span>\n<\/p>\n<p class=\"dark:base-text-neutral-high-400 base-text-[calc(theme(fontSize.xs)_*_var(--font-size,_1))] base-font-normal base-font-primary base-text-neutral-low-500 base-text-left\"><span class=\"b-article-body__text\">\u00a0<\/span>\n<\/p>\n<p class=\"dark:base-text-neutral-high-400 base-text-[calc(theme(fontSize.xs)_*_var(--font-size,_1))] base-font-normal base-font-primary base-text-neutral-low-500 base-text-left\"><span class=\"b-article-body__text\">\u00a0<\/span>\n<\/p>\n<p class=\"dark:base-text-neutral-high-400 base-text-[calc(theme(fontSize.xs)_*_var(--font-size,_1))] base-font-normal base-font-primary base-text-neutral-low-500 base-text-left\"><span class=\"b-article-body__text\">\u00a0<\/span>\n<\/p>\n<p class=\"dark:base-text-neutral-high-400 base-text-[calc(theme(fontSize.xs)_*_var(--font-size,_1))] base-font-normal base-font-primary base-text-neutral-low-500 base-text-left\">R7\n<\/p>\n<p>\u00a0<\/p>\n<aside class=\"md:layout-col-span-24 lg:layout-col-span-7 layout-flex layout-flex-col layout-gap-xxs\">\n<\/aside>\n<\/div>\n<p><br \/>\n<br \/><a href=\"https:\/\/tvfloridausa.com\/2024\/10\/06\/neymar-so-deve-voltar-ao-futebol-em-2025-com-patrimonio-de-r-44-bilhoes-negocia-a-compra-de-uma-ilha-por-r-70-milhoes\/\">Source link <\/a><\/p>","protected":false},"excerpt":{"rendered":"<p>S\u00e3o 25 c\u00f4modos, 3 saunas, uma piscina de 40 metros e uma garagem com 8 carros de luxo. H\u00e1 outras in\u00fameras propriedades que a imprensa apenas desconfia que perten\u00e7am ao&hellip;<\/p>","protected":false},"author":1,"featured_media":45278,"comment_status":"closed","ping_status":"open","sticky":false,"template":"","format":"standard","meta":{"content-type":"","footnotes":""},"categories":[22],"tags":[],"class_list":["post-45277","post","type-post","status-publish","format-standard","has-post-thumbnail","hentry","category-tv-florida-usa"],"_links":{"self":[{"href":"https:\/\/tvbrazilusa.com\/pt\/wp-json\/wp\/v2\/posts\/45277","targetHints":{"allow":["GET"]}}],"collection":[{"href":"https:\/\/tvbrazilusa.com\/pt\/wp-json\/wp\/v2\/posts"}],"about":[{"href":"https:\/\/tvbrazilusa.com\/pt\/wp-json\/wp\/v2\/types\/post"}],"author":[{"embeddable":true,"href":"https:\/\/tvbrazilusa.com\/pt\/wp-json\/wp\/v2\/users\/1"}],"replies":[{"embeddable":true,"href":"https:\/\/tvbrazilusa.com\/pt\/wp-json\/wp\/v2\/comments?post=45277"}],"version-history":[{"count":1,"href":"https:\/\/tvbrazilusa.com\/pt\/wp-json\/wp\/v2\/posts\/45277\/revisions"}],"predecessor-version":[{"id":45279,"href":"https:\/\/tvbrazilusa.com\/pt\/wp-json\/wp\/v2\/posts\/45277\/revisions\/45279"}],"wp:featuredmedia":[{"embeddable":true,"href":"https:\/\/tvbrazilusa.com\/pt\/wp-json\/wp\/v2\/media\/45278"}],"wp:attachment":[{"href":"https:\/\/tvbrazilusa.com\/pt\/wp-json\/wp\/v2\/media?parent=45277"}],"wp:term":[{"taxonomy":"category","embeddable":true,"href":"https:\/\/tvbrazilusa.com\/pt\/wp-json\/wp\/v2\/categories?post=45277"},{"taxonomy":"post_tag","embeddable":true,"href":"https:\/\/tvbrazilusa.com\/pt\/wp-json\/wp\/v2\/tags?post=45277"}],"curies":[{"name":"wp","href":"https:\/\/api.w.org\/{rel}","templated":true}]}}