{"id":45300,"date":"2024-10-06T09:38:11","date_gmt":"2024-10-06T09:38:11","guid":{"rendered":"https:\/\/tvbrazilusa.com\/2024\/10\/06\/horario-de-brasilia-sera-o-padrao-pela-primeira-vez-em-todo-o-brasil-em-uma-eleicao-municipal-entenda\/"},"modified":"2024-10-06T09:38:12","modified_gmt":"2024-10-06T09:38:12","slug":"horario-de-brasilia-sera-o-padrao-pela-primeira-vez-em-todo-o-brasil-em-uma-eleicao-municipal-entenda","status":"publish","type":"post","link":"https:\/\/tvbrazilusa.com\/pt\/2024\/10\/06\/horario-de-brasilia-sera-o-padrao-pela-primeira-vez-em-todo-o-brasil-em-uma-eleicao-municipal-entenda\/","title":{"rendered":"Hor\u00e1rio de Bras\u00edlia ser\u00e1 o padr\u00e3o pela primeira vez em todo o Brasil em uma elei\u00e7\u00e3o municipal; entenda"},"content":{"rendered":"<p> <script async src=\"https:\/\/pagead2.googlesyndication.com\/pagead\/js\/adsbygoogle.js?client=ca-pub-8864793242727901\"\r\n     crossorigin=\"anonymous\"><\/script><br \/>\n<\/p>\n<div id=\"taboola-read-more\" style=\"display:block; width:100%\">\n<p>Pela primeira vez em uma elei\u00e7\u00e3o municipal, o hor\u00e1rio de Bras\u00edlia ser\u00e1 o padr\u00e3o adotado em todo o Brasil. Ou seja: as urnas ir\u00e3o fechar simultaneamente em todo o pa\u00eds.\n<\/p>\n<p>Acesse o Guia do Eleitor<br \/>O g1 explica abaixo quando ser\u00e1 cada turno e em que hor\u00e1rios \u00e9 poss\u00edvel votar.<\/p>\n<p>Primeiro turno<br \/>\ud83d\udcc5 Domingo, 6 de outubro\n<\/p>\n<p>\ud83d\udd50 Das 8h \u00e0s 17h (hor\u00e1rio de Bras\u00edlia)\n<\/p>\n<p>Segundo turno<br \/>\ud83d\udcc5 Domingo, 27 de outubro\n<\/p>\n<p>\ud83d\udd50 Das 8h \u00e0s 17h (hor\u00e1rio de Bras\u00edlia)\n<\/p>\n<p>Fusos diferentes<br \/>Por causa do fuso hor\u00e1rio, Rond\u00f4nia, Mato Grosso do Sul, Roraima e Mato Grosso ter\u00e3o a vota\u00e7\u00e3o iniciada uma hora antes, \u00e0s 7h. Assim como grande parte das se\u00e7\u00f5es do estado do Amazonas. Contudo, algumas localidades seguem o fuso do Acre e a vota\u00e7\u00e3o come\u00e7ar\u00e1 \u00e0s 6h. J\u00e1 em Fernando de Noronha, a vota\u00e7\u00e3o come\u00e7a uma hora mais tarde, \u00e0s 9h.\n<\/p>\n<p>Fonte: g1 <\/p>\n<\/div>\n<p><br \/>\n<br \/><a href=\"https:\/\/diariodobrasilnoticias.com.br\/noticia\/horario-de-brasilia-sera-o-padrao-pela-primeira-vez-em-todo-o-brasil-em-uma-eleicao-municipal-entenda-6702583ed8ca1\">Source link <\/a><\/p>","protected":false},"excerpt":{"rendered":"<p>Pela primeira vez em uma elei\u00e7\u00e3o municipal, o hor\u00e1rio de Bras\u00edlia ser\u00e1 o padr\u00e3o adotado em todo o Brasil. Ou seja: as urnas ir\u00e3o fechar simultaneamente em todo o pa\u00eds.&hellip;<\/p>","protected":false},"author":1,"featured_media":45301,"comment_status":"closed","ping_status":"open","sticky":false,"template":"","format":"standard","meta":{"content-type":"","footnotes":""},"categories":[16],"tags":[123,2448,5313,1267],"class_list":["post-45300","post","type-post","status-publish","format-standard","has-post-thumbnail","hentry","category-noticias","tag-brasil","tag-diario","tag-noticia","tag-noticias"],"_links":{"self":[{"href":"https:\/\/tvbrazilusa.com\/pt\/wp-json\/wp\/v2\/posts\/45300","targetHints":{"allow":["GET"]}}],"collection":[{"href":"https:\/\/tvbrazilusa.com\/pt\/wp-json\/wp\/v2\/posts"}],"about":[{"href":"https:\/\/tvbrazilusa.com\/pt\/wp-json\/wp\/v2\/types\/post"}],"author":[{"embeddable":true,"href":"https:\/\/tvbrazilusa.com\/pt\/wp-json\/wp\/v2\/users\/1"}],"replies":[{"embeddable":true,"href":"https:\/\/tvbrazilusa.com\/pt\/wp-json\/wp\/v2\/comments?post=45300"}],"version-history":[{"count":1,"href":"https:\/\/tvbrazilusa.com\/pt\/wp-json\/wp\/v2\/posts\/45300\/revisions"}],"predecessor-version":[{"id":45302,"href":"https:\/\/tvbrazilusa.com\/pt\/wp-json\/wp\/v2\/posts\/45300\/revisions\/45302"}],"wp:featuredmedia":[{"embeddable":true,"href":"https:\/\/tvbrazilusa.com\/pt\/wp-json\/wp\/v2\/media\/45301"}],"wp:attachment":[{"href":"https:\/\/tvbrazilusa.com\/pt\/wp-json\/wp\/v2\/media?parent=45300"}],"wp:term":[{"taxonomy":"category","embeddable":true,"href":"https:\/\/tvbrazilusa.com\/pt\/wp-json\/wp\/v2\/categories?post=45300"},{"taxonomy":"post_tag","embeddable":true,"href":"https:\/\/tvbrazilusa.com\/pt\/wp-json\/wp\/v2\/tags?post=45300"}],"curies":[{"name":"wp","href":"https:\/\/api.w.org\/{rel}","templated":true}]}}