{"id":45303,"date":"2024-10-06T09:50:34","date_gmt":"2024-10-06T09:50:34","guid":{"rendered":"https:\/\/tvbrazilusa.com\/2024\/10\/06\/israel-amplia-seus-ataques-e-bombardeia-a-regiao-norte-do-libano-grupo-terrorista-hezbollah-e-o-alvo\/"},"modified":"2024-10-06T09:50:35","modified_gmt":"2024-10-06T09:50:35","slug":"israel-amplia-seus-ataques-e-bombardeia-a-regiao-norte-do-libano-grupo-terrorista-hezbollah-e-o-alvo","status":"publish","type":"post","link":"https:\/\/tvbrazilusa.com\/pt\/2024\/10\/06\/israel-amplia-seus-ataques-e-bombardeia-a-regiao-norte-do-libano-grupo-terrorista-hezbollah-e-o-alvo\/","title":{"rendered":"Israel amplia seus ataques e bombardeia a regi\u00e3o norte do L\u00edbano; grupo terrorista Hezbollah \u00e9 o alvo"},"content":{"rendered":"<p> <script async src=\"https:\/\/pagead2.googlesyndication.com\/pagead\/js\/adsbygoogle.js?client=ca-pub-8864793242727901\"\r\n     crossorigin=\"anonymous\"><\/script><br \/>\n<\/p>\n<div id=\"taboola-read-more\" style=\"display:block; width:100%\">\n<p>Israel ampliou os ataques a\u00e9reos contra o Hezbollah e bombardeou uma regi\u00e3o no norte do L\u00edbano que at\u00e9 agora n\u00e3o tinha sido atingida.\n<\/p>\n<p>O bombardeio causou um inc\u00eandio em um pr\u00e9dio perto de Tr\u00edpoli. Foi a primeira vez que um ataque atingiu a cidade no norte do territ\u00f3rio liban\u00eas.<\/p>\n<p>A opera\u00e7\u00e3o matou um comandante do grupo terrorista Hamas, que \u00e9 baseado em Gaza, mas tem integrantes em outros territ\u00f3rios.\n<\/p>\n<p>A For\u00e7a A\u00e9rea de Israel tamb\u00e9m bombardeou a capital libanesa, Beirute, por mais um dia. Os militares afirmaram que o alvo eram instala\u00e7\u00f5es do grupo extremista Hezbollah. Agora \u00e0 noite, novas explos\u00f5es atingiram a regi\u00e3o perto do aeroporto de Beirute.\n<\/p>\n<p>No sul do L\u00edbano, o Ex\u00e9rcito israelense fez novas opera\u00e7\u00f5es por terra.\n<\/p>\n<p>De acordo com as For\u00e7as Armadas, 440 dos membros do Hezbollah foram mortos desde o in\u00edcio da invas\u00e3o.\n<\/p>\n<p>Tamb\u00e9m neste s\u00e1bado (5), o grupo extremista lan\u00e7ou 90 foguetes contra o norte de Israel e atingiu pr\u00e9dios residenciais.\n<\/p>\n<p>Os esfor\u00e7os internacionais para frear o conflito continuam. Neste s\u00e1bado (5), o presidente da Fran\u00e7a, Emmanuel Macron, afirmou que a prioridade \u00e9 uma solu\u00e7\u00e3o diplom\u00e1tica.\n<\/p>\n<p>Em uma entrevista para a imprensa francesa, ele disse que o povo liban\u00eas n\u00e3o deve ser sacrificado e que o L\u00edbano n\u00e3o pode se tornar uma nova Gaza. Macron tamb\u00e9m defendeu que pa\u00edses suspendam o envio de armas usadas por Israel no conflito em Gaza.\n<\/p>\n<p>O primeiro-ministro israelense, Benjamin Netanyahu, chamou de vergonhosos os coment\u00e1rios de Macron.\n<\/p>\n<p>Protestos pelo fim da guerra no Oriente M\u00e9dio reuniram dezenas de milhares de pessoas em Paris e em outras cidades da Europa. Entre elas, Berlim, Roma e Londres.\n<\/p>\n<p>As manifesta\u00e7\u00f5es aconteceram dois dias antes do anivers\u00e1rio de um ano dos atentados terroristas do Hamas e do come\u00e7o da ofensiva de Israel em Gaza.\n<\/p>\n<p>Grupos a favor de Israel tamb\u00e9m sa\u00edram \u00e0s ruas para marcar a data. Eles defenderam a liberta\u00e7\u00e3o dos ref\u00e9ns sequestrados pelo Hamas.\n<\/p>\n<p>Em Tel Aviv, familiares dos ref\u00e9ns exigiram que o governo israelense priorize um cessar-fogo em troca da liberta\u00e7\u00e3o dos parentes.\n<\/p>\n<p>Fonte: g1 <\/p>\n<\/div>\n<p><br \/>\n<br \/><a href=\"https:\/\/diariodobrasilnoticias.com.br\/noticia\/israel-amplia-seus-ataques-e-bombardeia-a-regiao-norte-do-libano-grupo-terrorista-hezbollah-e-o-alvo-6702599099df4\">Source link <\/a><\/p>","protected":false},"excerpt":{"rendered":"<p>Israel ampliou os ataques a\u00e9reos contra o Hezbollah e bombardeou uma regi\u00e3o no norte do L\u00edbano que at\u00e9 agora n\u00e3o tinha sido atingida. O bombardeio causou um inc\u00eandio em um&hellip;<\/p>","protected":false},"author":1,"featured_media":45304,"comment_status":"closed","ping_status":"open","sticky":false,"template":"","format":"standard","meta":{"content-type":"","footnotes":""},"categories":[16],"tags":[123,2448,5313,1267],"class_list":["post-45303","post","type-post","status-publish","format-standard","has-post-thumbnail","hentry","category-noticias","tag-brasil","tag-diario","tag-noticia","tag-noticias"],"_links":{"self":[{"href":"https:\/\/tvbrazilusa.com\/pt\/wp-json\/wp\/v2\/posts\/45303","targetHints":{"allow":["GET"]}}],"collection":[{"href":"https:\/\/tvbrazilusa.com\/pt\/wp-json\/wp\/v2\/posts"}],"about":[{"href":"https:\/\/tvbrazilusa.com\/pt\/wp-json\/wp\/v2\/types\/post"}],"author":[{"embeddable":true,"href":"https:\/\/tvbrazilusa.com\/pt\/wp-json\/wp\/v2\/users\/1"}],"replies":[{"embeddable":true,"href":"https:\/\/tvbrazilusa.com\/pt\/wp-json\/wp\/v2\/comments?post=45303"}],"version-history":[{"count":1,"href":"https:\/\/tvbrazilusa.com\/pt\/wp-json\/wp\/v2\/posts\/45303\/revisions"}],"predecessor-version":[{"id":45305,"href":"https:\/\/tvbrazilusa.com\/pt\/wp-json\/wp\/v2\/posts\/45303\/revisions\/45305"}],"wp:featuredmedia":[{"embeddable":true,"href":"https:\/\/tvbrazilusa.com\/pt\/wp-json\/wp\/v2\/media\/45304"}],"wp:attachment":[{"href":"https:\/\/tvbrazilusa.com\/pt\/wp-json\/wp\/v2\/media?parent=45303"}],"wp:term":[{"taxonomy":"category","embeddable":true,"href":"https:\/\/tvbrazilusa.com\/pt\/wp-json\/wp\/v2\/categories?post=45303"},{"taxonomy":"post_tag","embeddable":true,"href":"https:\/\/tvbrazilusa.com\/pt\/wp-json\/wp\/v2\/tags?post=45303"}],"curies":[{"name":"wp","href":"https:\/\/api.w.org\/{rel}","templated":true}]}}