{"id":45391,"date":"2024-10-06T14:40:46","date_gmt":"2024-10-06T14:40:46","guid":{"rendered":"https:\/\/tvbrazilusa.com\/2024\/10\/06\/marcal-muda-os-planos-e-deixa-para-votar-uma-hora-antes-do-encerramento\/"},"modified":"2024-10-06T14:40:47","modified_gmt":"2024-10-06T14:40:47","slug":"marcal-muda-os-planos-e-deixa-para-votar-uma-hora-antes-do-encerramento","status":"publish","type":"post","link":"https:\/\/tvbrazilusa.com\/pt\/2024\/10\/06\/marcal-muda-os-planos-e-deixa-para-votar-uma-hora-antes-do-encerramento\/","title":{"rendered":"Mar\u00e7al muda os planos e deixa para votar uma hora antes do encerramento"},"content":{"rendered":"<p> <script async src=\"https:\/\/pagead2.googlesyndication.com\/pagead\/js\/adsbygoogle.js?client=ca-pub-8864793242727901\"\r\n     crossorigin=\"anonymous\"><\/script><br \/>\n<\/p>\n<div id=\"taboola-read-more\" style=\"display:block; width:100%\">\n<p>Candidato \u00e0 Prefeitura de S\u00e3o Paulo pelo PRTB, Pablo Mar\u00e7al mudou os planos para este domingo e deixou seu voto para a \u00faltima hora.\n<\/p>\n<p>O ex-coach inicialmente havia planejado comparecer \u00e0s 8h a sua se\u00e7\u00e3o de vota\u00e7\u00e3o, uma escola em Moema, zona sul paulistana. Pouco depois da meia-noite, no entanto, sua assessoria de imprensa informou que o candidato s\u00f3 ir\u00e1 \u00e0 urna \u00e0s 16h, faltando uma hora para o encerramento da vota\u00e7\u00e3o.<\/p>\n<p>Os principais advers\u00e1rios de Mar\u00e7al, Guilherme Boulos e Ricardo Nunes, votaram na manh\u00e3 deste domingo.\n<\/p>\n<p>Al\u00e9m da mudan\u00e7a no hor\u00e1rio de votar, a agenda de Mar\u00e7al excluiu dois compromissos: um caf\u00e9 da manh\u00e3 no Jardim Rosana, zona sul de S\u00e3o Paulo, e um almo\u00e7o com a vice, Antonia de Jesus, em Pirituba. A coluna questionou o motivo das altera\u00e7\u00f5es, mas ainda n\u00e3o teve retorno.\n<\/p>\n<p>Depois do voto em Moema, Mar\u00e7al deve seguir para o local onde vai acompanhar a apura\u00e7\u00e3o da elei\u00e7\u00e3o, em Pinheiros, \u00e0s 16h30.\n<\/p>\n<p>Ap\u00f3s uma semana em alta nas pesquisas, o ex-coach teve derrotas na v\u00e9spera da elei\u00e7\u00e3o. Na noite de sexta-feira (4\/10), ele divulgou um laudo falso sobre uso de drogas por Guilherme Boulos, foi desmentido prontamente e acabou sendo criticado n\u00e3o s\u00f3 pelo psolista, mas por Nunes, Tabata Amaral (PSB) e a campanha de Jos\u00e9 Luiz Datena (PSDB). A Pol\u00edcia de S\u00e3o Paulo, que investiga o caso, j\u00e1 atestou a falsidade do documento.\n<\/p>\n<p>Tamb\u00e9m nesse s\u00e1bado (5\/10), o ministro Alexandre de Moraes determinou que o candidato preste esclarecimentos \u00e0 Pol\u00edcia Federal por ter usado o X, antigo Twitter, em meio \u00e0 suspens\u00e3o da rede social no pa\u00eds. O prazo fixado por Moraes para que o ex-coach prestasse depoimento \u00e9 de 24 horas.\n<\/p>\n<p>Fonte: Metr\u00f3poles <\/p>\n<\/div>\n<p><br \/>\n<br \/><a href=\"https:\/\/diariodobrasilnoticias.com.br\/noticia\/marcal-muda-os-planos-e-deixa-para-votar-uma-hora-antes-do-encerramento-67029f698c456\">Source link <\/a><\/p>","protected":false},"excerpt":{"rendered":"<p>Candidato \u00e0 Prefeitura de S\u00e3o Paulo pelo PRTB, Pablo Mar\u00e7al mudou os planos para este domingo e deixou seu voto para a \u00faltima hora. O ex-coach inicialmente havia planejado comparecer&hellip;<\/p>","protected":false},"author":1,"featured_media":45392,"comment_status":"closed","ping_status":"open","sticky":false,"template":"","format":"standard","meta":{"content-type":"","footnotes":""},"categories":[16],"tags":[123,2448,5313,1267],"class_list":["post-45391","post","type-post","status-publish","format-standard","has-post-thumbnail","hentry","category-noticias","tag-brasil","tag-diario","tag-noticia","tag-noticias"],"_links":{"self":[{"href":"https:\/\/tvbrazilusa.com\/pt\/wp-json\/wp\/v2\/posts\/45391","targetHints":{"allow":["GET"]}}],"collection":[{"href":"https:\/\/tvbrazilusa.com\/pt\/wp-json\/wp\/v2\/posts"}],"about":[{"href":"https:\/\/tvbrazilusa.com\/pt\/wp-json\/wp\/v2\/types\/post"}],"author":[{"embeddable":true,"href":"https:\/\/tvbrazilusa.com\/pt\/wp-json\/wp\/v2\/users\/1"}],"replies":[{"embeddable":true,"href":"https:\/\/tvbrazilusa.com\/pt\/wp-json\/wp\/v2\/comments?post=45391"}],"version-history":[{"count":1,"href":"https:\/\/tvbrazilusa.com\/pt\/wp-json\/wp\/v2\/posts\/45391\/revisions"}],"predecessor-version":[{"id":45393,"href":"https:\/\/tvbrazilusa.com\/pt\/wp-json\/wp\/v2\/posts\/45391\/revisions\/45393"}],"wp:featuredmedia":[{"embeddable":true,"href":"https:\/\/tvbrazilusa.com\/pt\/wp-json\/wp\/v2\/media\/45392"}],"wp:attachment":[{"href":"https:\/\/tvbrazilusa.com\/pt\/wp-json\/wp\/v2\/media?parent=45391"}],"wp:term":[{"taxonomy":"category","embeddable":true,"href":"https:\/\/tvbrazilusa.com\/pt\/wp-json\/wp\/v2\/categories?post=45391"},{"taxonomy":"post_tag","embeddable":true,"href":"https:\/\/tvbrazilusa.com\/pt\/wp-json\/wp\/v2\/tags?post=45391"}],"curies":[{"name":"wp","href":"https:\/\/api.w.org\/{rel}","templated":true}]}}