{"id":45403,"date":"2024-10-06T15:30:33","date_gmt":"2024-10-06T15:30:33","guid":{"rendered":"https:\/\/tvbrazilusa.com\/2024\/10\/06\/eleicoes-municipais-de-cadeirada-a-assassinatos-o-brasil-vai-caminhando-para-se-tornar-uma-democracia-da-violencia-eleitoral\/"},"modified":"2024-10-06T15:30:34","modified_gmt":"2024-10-06T15:30:34","slug":"eleicoes-municipais-de-cadeirada-a-assassinatos-o-brasil-vai-caminhando-para-se-tornar-uma-democracia-da-violencia-eleitoral","status":"publish","type":"post","link":"https:\/\/tvbrazilusa.com\/pt\/2024\/10\/06\/eleicoes-municipais-de-cadeirada-a-assassinatos-o-brasil-vai-caminhando-para-se-tornar-uma-democracia-da-violencia-eleitoral\/","title":{"rendered":"Elei\u00e7\u00f5es municipais: de cadeirada a assassinatos o Brasil vai caminhando para se tornar uma \u201cdemocracia\u201d da viol\u00eancia eleitoral"},"content":{"rendered":"<p> <script async src=\"https:\/\/pagead2.googlesyndication.com\/pagead\/js\/adsbygoogle.js?client=ca-pub-8864793242727901\"\r\n     crossorigin=\"anonymous\"><\/script><br \/>\n<\/p>\n<div id=\"taboola-read-more\" style=\"display:block; width:100%\">\n<p>No contexto das elei\u00e7\u00f5es municipais de 2024 no Brasil, o pa\u00eds tem enfrentado um cen\u00e1rio alarmante marcado pela viol\u00eancia pol\u00edtica, que se tornou n\u00e3o apenas um tema de discuss\u00e3o, mas uma realidade tang\u00edvel. J\u00fanior Melo, em sua an\u00e1lise, destaca como a viol\u00eancia entre candidatos, como o caso emblem\u00e1tico da agress\u00e3o de Datena contra Pablo Mar\u00e7al, reflete uma normaliza\u00e7\u00e3o da viol\u00eancia eleitoral. Embora a agress\u00e3o f\u00edsica tenha sido amplamente noticiada, n\u00e3o se viu uma reprova\u00e7\u00e3o veemente por parte da grande imprensa, a rea\u00e7\u00e3o da m\u00eddia e do p\u00fablico exp\u00f4s uma divis\u00e3o profunda na sociedade.\n<\/p>\n<p>O caso de Datena, que agrediu Mar\u00e7al com uma cadeirada durante um debate, n\u00e3o configura crime eleitoral, mas ilustra uma tend\u00eancia preocupante de aceita\u00e7\u00e3o ou at\u00e9 celebra\u00e7\u00e3o de atos violentos no \u00e2mbito pol\u00edtico. Especialistas apontam para uma &#8220;profissionaliza\u00e7\u00e3o do \u00f3dio&#8221; na pol\u00edtica brasileira, onde ataques verbais e f\u00edsicos s\u00e3o usados como estrat\u00e9gia eleitoral. Isso n\u00e3o s\u00f3 desvaloriza a democracia mas tamb\u00e9m coloca em risco a seguran\u00e7a dos pr\u00f3prios candidatos, como evidenciado por incidentes graves, principalmente no nordeste e no estado do Rio de Janeiro.<\/p>\n<p>Melo cr\u00edtica o que ele v\u00ea como um vi\u00e9s no jornalismo progressista brasileiro. A cobertura da agress\u00e3o de Datena, seguida por uma rea\u00e7\u00e3o mista, onde parte da imprensa e do p\u00fablico pareceu mais interessada na &#8220;ca\u00e7a&#8221; a Mar\u00e7al por supostas falsifica\u00e7\u00f5es em suas campanhas, sugere um ambiente onde certos comportamentos s\u00e3o mais rapidamente condenados dependendo do perfil do envolvido. Essa polariza\u00e7\u00e3o na m\u00eddia reflete um Brasil onde as institui\u00e7\u00f5es, incluindo a imprensa, s\u00e3o percebidas como parcializadas, favorecendo ou desfavorecendo candidatos com base em suas agendas pol\u00edticas.\n<\/p>\n<p>A an\u00e1lise n\u00e3o poupa as institui\u00e7\u00f5es brasileiras, sugerindo que a Justi\u00e7a Eleitoral e outras entidades podem estar mais propensas a agir com base em vi\u00e9ses pol\u00edticos. A rea\u00e7\u00e3o da popula\u00e7\u00e3o e da m\u00eddia \u00e0 viol\u00eancia eleitoral, onde atos que seriam inaceit\u00e1veis em outras democracias s\u00e3o minimizados ou at\u00e9 celebrados, reflete uma crise de valores e uma fragmenta\u00e7\u00e3o social profunda. Isso \u00e9 agravado por um ambiente onde o que se fala nas redes sociais pode ser mais impactante que a realidade jur\u00eddica ou \u00e9tica dos fatos.\n<\/p>\n<p>J\u00fanior Melo conclui que, enquanto a viol\u00eancia pol\u00edtica \u00e9 vista como um meio aceit\u00e1vel de disputa ou de express\u00e3o de descontentamento, e enquanto a imprensa e as institui\u00e7\u00f5es s\u00e3o vistas como parcializadas, o Brasil caminha para um futuro onde a democracia est\u00e1 em risco. A an\u00e1lise serve como um alerta sobre a necessidade de uma reflex\u00e3o cr\u00edtica sobre o que a sociedade brasileira est\u00e1 disposta a aceitar como normal no contexto eleitoral, destacando a urg\u00eancia de uma reavalia\u00e7\u00e3o dos valores democr\u00e1ticos e da imparcialidade das institui\u00e7\u00f5es.\n<\/p>\n<p>por Jr. Melo <\/p>\n<\/div>\n<p><br \/>\n<br \/><a href=\"https:\/\/diariodobrasilnoticias.com.br\/noticia\/eleicoes-municipais-de-cadeirada-a-assassinatos-o-brasil-vai-caminhando-para-se-tornar-uma-democracia-da-violencia-eleitoral-67028b6be1fa6\">Source link <\/a><\/p>","protected":false},"excerpt":{"rendered":"<p>No contexto das elei\u00e7\u00f5es municipais de 2024 no Brasil, o pa\u00eds tem enfrentado um cen\u00e1rio alarmante marcado pela viol\u00eancia pol\u00edtica, que se tornou n\u00e3o apenas um tema de discuss\u00e3o, mas&hellip;<\/p>","protected":false},"author":1,"featured_media":45404,"comment_status":"closed","ping_status":"open","sticky":false,"template":"","format":"standard","meta":{"content-type":"","footnotes":""},"categories":[16],"tags":[123,2448,5313,1267],"class_list":["post-45403","post","type-post","status-publish","format-standard","has-post-thumbnail","hentry","category-noticias","tag-brasil","tag-diario","tag-noticia","tag-noticias"],"_links":{"self":[{"href":"https:\/\/tvbrazilusa.com\/pt\/wp-json\/wp\/v2\/posts\/45403","targetHints":{"allow":["GET"]}}],"collection":[{"href":"https:\/\/tvbrazilusa.com\/pt\/wp-json\/wp\/v2\/posts"}],"about":[{"href":"https:\/\/tvbrazilusa.com\/pt\/wp-json\/wp\/v2\/types\/post"}],"author":[{"embeddable":true,"href":"https:\/\/tvbrazilusa.com\/pt\/wp-json\/wp\/v2\/users\/1"}],"replies":[{"embeddable":true,"href":"https:\/\/tvbrazilusa.com\/pt\/wp-json\/wp\/v2\/comments?post=45403"}],"version-history":[{"count":1,"href":"https:\/\/tvbrazilusa.com\/pt\/wp-json\/wp\/v2\/posts\/45403\/revisions"}],"predecessor-version":[{"id":45405,"href":"https:\/\/tvbrazilusa.com\/pt\/wp-json\/wp\/v2\/posts\/45403\/revisions\/45405"}],"wp:featuredmedia":[{"embeddable":true,"href":"https:\/\/tvbrazilusa.com\/pt\/wp-json\/wp\/v2\/media\/45404"}],"wp:attachment":[{"href":"https:\/\/tvbrazilusa.com\/pt\/wp-json\/wp\/v2\/media?parent=45403"}],"wp:term":[{"taxonomy":"category","embeddable":true,"href":"https:\/\/tvbrazilusa.com\/pt\/wp-json\/wp\/v2\/categories?post=45403"},{"taxonomy":"post_tag","embeddable":true,"href":"https:\/\/tvbrazilusa.com\/pt\/wp-json\/wp\/v2\/tags?post=45403"}],"curies":[{"name":"wp","href":"https:\/\/api.w.org\/{rel}","templated":true}]}}