{"id":45415,"date":"2024-10-06T16:20:37","date_gmt":"2024-10-06T16:20:37","guid":{"rendered":"https:\/\/tvbrazilusa.com\/2024\/10\/06\/haddad-pede-justica-contra-marcal\/"},"modified":"2024-10-06T16:20:37","modified_gmt":"2024-10-06T16:20:37","slug":"haddad-pede-justica-contra-marcal","status":"publish","type":"post","link":"https:\/\/tvbrazilusa.com\/pt\/2024\/10\/06\/haddad-pede-justica-contra-marcal\/","title":{"rendered":"Haddad pede justi\u00e7a contra Mar\u00e7al"},"content":{"rendered":"<p> <script async src=\"https:\/\/pagead2.googlesyndication.com\/pagead\/js\/adsbygoogle.js?client=ca-pub-8864793242727901\"\r\n     crossorigin=\"anonymous\"><\/script><br \/>\n<\/p>\n<div id=\"taboola-read-more\" style=\"display:block; width:100%\">\n<p>O ministro da Fazenda, Fernando Haddad, classificou como \u201cinaceit\u00e1vel\u201d o laudo m\u00e9dico falso usado pelo candidato \u00e0 prefeitura da capital Pablo Mar\u00e7al (PRTB) para acusar seu advers\u00e1rio Guilherme Boulos (PSol) de ser usu\u00e1rio de coca\u00edna. Ao votar na manh\u00e3 deste domingo (6\/10), Haddad, ex-prefeito da cidade, disse esperar rigor da Justi\u00e7a Eleitoral para punir o influencer.\n<\/p>\n<p>\u201cEstamos dizendo h\u00e1 um tempo que temos um estelionat\u00e1rio concorrendo \u00e0 Prefeitura de S\u00e3o Paulo. Uma pessoa que foi acusada, condenada e comete um estelionato durante a campanha eleitoral. Estamos na maior cidade do hemisf\u00e9rio sul. Vamos votar consciente\u201d, afirmou a jornalistas.<\/p>\n<p>Segundo Haddad, o n\u00edvel da discuss\u00e3o pol\u00edtica vem piorando a cada elei\u00e7\u00e3o, e Mar\u00e7al tenta testar os limites da Justi\u00e7a.\n<\/p>\n<p>\u201cO n\u00edvel das elei\u00e7\u00f5es vem piorando. A fake news, a mentira, a gente sabe como come\u00e7a, mas n\u00e3o sabe como termina. Estamos vivendo fake news h\u00e1 muitos anos no Brasil e tolerando isso. Quando voc\u00ea vai tolerando uma coisa manifestamente errada, o transgressor come\u00e7a a testar os limites. O que aconteceu ontem foi isso, um estelionat\u00e1rio testando. Os limites do que \u00e9 poss\u00edvel fazer numa elei\u00e7\u00e3o para ganhar. \u00c9 inaceit\u00e1vel\u201d, disse.\n<\/p>\n<p>O ministro da Fazenda chegou para votar \u00e0s 9h30 no col\u00e9gio Catamar\u00e3, em Moema, zona sul da capital. Acompanhado da esposa, Ana Estela Haddad, ele n\u00e3o enfrentou fila e levou poucos minutos.\n<\/p>\n<p>Pela primeira vez, o PT, partido de Haddad, n\u00e3o lan\u00e7ou um candidato pr\u00f3prio na disputa pela Prefeitura de S\u00e3o Paulo, apoiando o candidato do PSol, Guilherme Boulos. Em tom de brincadeira, ele disse que quase votou 13 sem querer.\n<\/p>\n<p>\u201cTive que pensar ali, n\u00e9 (risos). Quase votei 13. Mas eu votei 50, com certeza\u201d, afirmou.\n<\/p>\n<p>Haddad participou da campanha de Boulos, visitando a comunidade Heli\u00f3polis ao lado do candidato em 7 de setembro.\n<\/p>\n<p><strong>Laudo m\u00e9dico falso<\/strong>\n<\/p>\n<p>O candidato \u00e0 Prefeitura de S\u00e3o Paulo pelo PSol, Guilherme Boulos, disse que vai pedir a pris\u00e3o do influencer Pablo Mar\u00e7al (PRTB) ap\u00f3s o advers\u00e1rio divulgar, na noite desta sexta-feira (4\/10), um suposto receitu\u00e1rio m\u00e9dico com a informa\u00e7\u00e3o de que o psolista teria sido internado por uso de coca\u00edna.\n<\/p>\n<p>O documento que foi divulgado por Mar\u00e7al em seu perfil no Instagram \u00e9 datado de 19 de janeiro de 2021, com a assinatura do m\u00e9dico Jos\u00e9 Roberto de Souza. O Metr\u00f3poles apurou que o CRM dele est\u00e1 inativo no Conselho Regional de Medicina desde abril de 2022 e que ele j\u00e1 faleceu.\n<\/p>\n<p>O suposto receitu\u00e1rio indica que Boulos, com \u201csurto psic\u00f3tico grave\u201d, teria sido submetido a um exame toxicol\u00f3gico que constatou a presen\u00e7a de 2,825 ng\/mg de coca\u00edna no sangue. O documento, segundo Guilherme Boulos, \u00e9 falso.\n<\/p>\n<p>A Pol\u00edcia Federal vai abrir um inqu\u00e9rito para investigar um falso laudo m\u00e9dico divulgado pelo candidato Pablo Mar\u00e7al (PRTB) contra o advers\u00e1rio Guilherme Boulos (PSol). Os agentes federais j\u00e1 est\u00e3o analisando o falso receitu\u00e1rio m\u00e9dico com a informa\u00e7\u00e3o de que o psolista teria sido internado por uso de coca\u00edna.\n<\/p>\n<p>A Justi\u00e7a Eleitoral j\u00e1 determinou a exclus\u00e3o do falso laudo das publica\u00e7\u00f5es nas redes sociais.\n<\/p>\n<p>O documento que foi divulgado por Mar\u00e7al em seu perfil no Instagram \u00e9 datado de 19 de janeiro de 2021, com a assinatura do m\u00e9dico Jos\u00e9 Roberto de Souza. O Metr\u00f3poles apurou que o CRM dele est\u00e1 inativo no Conselho Regional de Medicina desde abril de 2022 e que ele j\u00e1 faleceu. Duas filhas m\u00e9dico que faleceu desmentiram que o pai tivesse trabalho na cl\u00ednica em que Guilherme Boulos teria sido atendido.\n<\/p>\n<p>Fonte: Metr\u00f3poles <\/p>\n<\/div>\n<p><br \/>\n<br \/><a href=\"https:\/\/diariodobrasilnoticias.com.br\/noticia\/haddad-diz-que-e-inaceitavel-o-suposto-laudo-falsificado-de-marcal-e-pede-justica-6702975a30bbe\">Source link <\/a><\/p>","protected":false},"excerpt":{"rendered":"<p>O ministro da Fazenda, Fernando Haddad, classificou como \u201cinaceit\u00e1vel\u201d o laudo m\u00e9dico falso usado pelo candidato \u00e0 prefeitura da capital Pablo Mar\u00e7al (PRTB) para acusar seu advers\u00e1rio Guilherme Boulos (PSol)&hellip;<\/p>","protected":false},"author":1,"featured_media":45416,"comment_status":"closed","ping_status":"open","sticky":false,"template":"","format":"standard","meta":{"content-type":"","footnotes":""},"categories":[16],"tags":[123,2448,5313,1267],"class_list":["post-45415","post","type-post","status-publish","format-standard","has-post-thumbnail","hentry","category-noticias","tag-brasil","tag-diario","tag-noticia","tag-noticias"],"_links":{"self":[{"href":"https:\/\/tvbrazilusa.com\/pt\/wp-json\/wp\/v2\/posts\/45415","targetHints":{"allow":["GET"]}}],"collection":[{"href":"https:\/\/tvbrazilusa.com\/pt\/wp-json\/wp\/v2\/posts"}],"about":[{"href":"https:\/\/tvbrazilusa.com\/pt\/wp-json\/wp\/v2\/types\/post"}],"author":[{"embeddable":true,"href":"https:\/\/tvbrazilusa.com\/pt\/wp-json\/wp\/v2\/users\/1"}],"replies":[{"embeddable":true,"href":"https:\/\/tvbrazilusa.com\/pt\/wp-json\/wp\/v2\/comments?post=45415"}],"version-history":[{"count":1,"href":"https:\/\/tvbrazilusa.com\/pt\/wp-json\/wp\/v2\/posts\/45415\/revisions"}],"predecessor-version":[{"id":45417,"href":"https:\/\/tvbrazilusa.com\/pt\/wp-json\/wp\/v2\/posts\/45415\/revisions\/45417"}],"wp:featuredmedia":[{"embeddable":true,"href":"https:\/\/tvbrazilusa.com\/pt\/wp-json\/wp\/v2\/media\/45416"}],"wp:attachment":[{"href":"https:\/\/tvbrazilusa.com\/pt\/wp-json\/wp\/v2\/media?parent=45415"}],"wp:term":[{"taxonomy":"category","embeddable":true,"href":"https:\/\/tvbrazilusa.com\/pt\/wp-json\/wp\/v2\/categories?post=45415"},{"taxonomy":"post_tag","embeddable":true,"href":"https:\/\/tvbrazilusa.com\/pt\/wp-json\/wp\/v2\/tags?post=45415"}],"curies":[{"name":"wp","href":"https:\/\/api.w.org\/{rel}","templated":true}]}}