{"id":4542,"date":"2024-07-20T14:13:22","date_gmt":"2024-07-20T14:13:22","guid":{"rendered":"https:\/\/tvbrazilusa.com\/2024\/07\/20\/pacheco-usa-apagao-cibernetico-para-defender-regulamentacao-de-ia\/"},"modified":"2024-07-20T14:18:42","modified_gmt":"2024-07-20T14:18:42","slug":"pacheco-usa-apagao-cibernetico-para-defender-regulamentacao-de-ia","status":"publish","type":"post","link":"https:\/\/tvbrazilusa.com\/pt\/2024\/07\/20\/pacheco-usa-apagao-cibernetico-para-defender-regulamentacao-de-ia\/","title":{"rendered":"Pacheco usa apag\u00e3o cibern\u00e9tico para defender regulamenta\u00e7\u00e3o de IA"},"content":{"rendered":"<p> <script async src=\"https:\/\/pagead2.googlesyndication.com\/pagead\/js\/adsbygoogle.js?client=ca-pub-8864793242727901\"\r\n     crossorigin=\"anonymous\"><\/script><br \/>\n<\/p>\n<div>\n<p>O debate sobre a regulamenta\u00e7\u00e3o da intelig\u00eancia artificial (IA) ganha novas propor\u00e7\u00f5es no Brasil ap\u00f3s o recente incidente de seguran\u00e7a cibern\u00e9tica que afetou diversas na\u00e7\u00f5es. O presidente do Congresso, Rodrigo Pacheco, expressou preocupa\u00e7\u00e3o com a situa\u00e7\u00e3o e destacou a import\u00e2ncia de uma legisla\u00e7\u00e3o espec\u00edfica para este campo.<\/p>\n<p>Um dos desenvolvimentos mais recentes nesta esfera \u00e9 a an\u00e1lise de uma proposta, autoria de Pacheco, que est\u00e1 atualmente sob relatoria do senador Eduardo Gomes. Esta proposta visa n\u00e3o apenas estabelecer limites seguros para a utiliza\u00e7\u00e3o da IA, mas tamb\u00e9m classificar as aplicabilidades da tecnologia conforme seu potencial risco para a sociedade. Este passo \u00e9 visto como fundamental para proteger os cidad\u00e3os e institui\u00e7\u00f5es de poss\u00edveis amea\u00e7as digitais.<\/p>\n<h2 class=\"wp-block-heading\">Por que Pacheco quer regular a intelig\u00eancia artificial?<\/h2>\n<p>As tecnologias de IA est\u00e3o cada vez mais presentes no dia a dia da popula\u00e7\u00e3o e nas estrat\u00e9gias empresariais. Da an\u00e1lise de dados ao atendimento ao cliente, suas aplica\u00e7\u00f5es s\u00e3o vastas e profundas. No entanto, sem uma regulamenta\u00e7\u00e3o adequada, o uso irrestrito de IA pode levar a viola\u00e7\u00f5es de privacidade, decis\u00f5es automatizadas sem transpar\u00eancia e at\u00e9 mesmo manipula\u00e7\u00e3o de informa\u00e7\u00f5es, o que representaria um grande risco \u00e0 integridade socioecon\u00f4mica do pa\u00eds.<\/p>\n<h2 class=\"wp-block-heading\">O que a proposta de Pacheco sugere?<\/h2>\n<p>A proposta que atualmente tramita no Senado traz consigo a diretriz de criar um sistema abrangente para a supervis\u00e3o e fiscaliza\u00e7\u00e3o do uso da IA. Esta estrutura seria respons\u00e1vel por monitorar as atividades relacionadas \u00e0 IA dentro do pa\u00eds, assegurando que todos os operadores cumpram com as normas estabelecidas e resguardando os direitos dos usu\u00e1rios. Dentre as categorias de risco que seriam avaliadas est\u00e3o a privacidade dos dados, a seguran\u00e7a cibern\u00e9tica e o impacto social das aplica\u00e7\u00f5es de IA.<\/p>\n<h2 class=\"wp-block-heading\">Quais s\u00e3o os pr\u00f3ximos passos?<\/h2>\n<p>A Comiss\u00e3o Tempor\u00e1ria sobre Intelig\u00eancia Artificial (CTIA), criada em agosto de 2023 e presidida pelo senador Carlos Viana, \u00e9 a principal respons\u00e1vel por analisar a profundidade dos pontos propostos e facilitar a constru\u00e7\u00e3o de um consenso. Embora j\u00e1 tenha ocorrido uma ampla discuss\u00e3o sobre os principais aspectos t\u00e9cnicos e \u00e9ticos na utiliza\u00e7\u00e3o da IA, a comiss\u00e3o prorrogou a conclus\u00e3o de seu relat\u00f3rio em 60 dias para melhor elabora\u00e7\u00e3o do projeto final. Este per\u00edodo adicional ser\u00e1 crucial para que todas as partes interessadas possam contribuir efetivamente para a formula\u00e7\u00e3o de uma legisla\u00e7\u00e3o robusta e representativa.<\/p>\n<\/p><\/div>\n<p><br \/>\n<br \/><a href=\"https:\/\/terrabrasilnoticias.com\/2024\/07\/pacheco-usa-apagao-cibernetico-para-defender-regulamentacao-de-ia\/\">Source link <\/a><\/p>","protected":false},"excerpt":{"rendered":"<p>O debate sobre a regulamenta\u00e7\u00e3o da intelig\u00eancia artificial (IA) ganha novas propor\u00e7\u00f5es no Brasil ap\u00f3s o recente incidente de seguran\u00e7a cibern\u00e9tica que afetou diversas na\u00e7\u00f5es. O presidente do Congresso, Rodrigo&hellip;<\/p>","protected":false},"author":1,"featured_media":4543,"comment_status":"closed","ping_status":"open","sticky":false,"template":"","format":"standard","meta":{"content-type":"","footnotes":""},"categories":[16],"tags":[],"class_list":["post-4542","post","type-post","status-publish","format-standard","has-post-thumbnail","hentry","category-noticias"],"_links":{"self":[{"href":"https:\/\/tvbrazilusa.com\/pt\/wp-json\/wp\/v2\/posts\/4542","targetHints":{"allow":["GET"]}}],"collection":[{"href":"https:\/\/tvbrazilusa.com\/pt\/wp-json\/wp\/v2\/posts"}],"about":[{"href":"https:\/\/tvbrazilusa.com\/pt\/wp-json\/wp\/v2\/types\/post"}],"author":[{"embeddable":true,"href":"https:\/\/tvbrazilusa.com\/pt\/wp-json\/wp\/v2\/users\/1"}],"replies":[{"embeddable":true,"href":"https:\/\/tvbrazilusa.com\/pt\/wp-json\/wp\/v2\/comments?post=4542"}],"version-history":[{"count":1,"href":"https:\/\/tvbrazilusa.com\/pt\/wp-json\/wp\/v2\/posts\/4542\/revisions"}],"predecessor-version":[{"id":4544,"href":"https:\/\/tvbrazilusa.com\/pt\/wp-json\/wp\/v2\/posts\/4542\/revisions\/4544"}],"wp:featuredmedia":[{"embeddable":true,"href":"https:\/\/tvbrazilusa.com\/pt\/wp-json\/wp\/v2\/media\/4543"}],"wp:attachment":[{"href":"https:\/\/tvbrazilusa.com\/pt\/wp-json\/wp\/v2\/media?parent=4542"}],"wp:term":[{"taxonomy":"category","embeddable":true,"href":"https:\/\/tvbrazilusa.com\/pt\/wp-json\/wp\/v2\/categories?post=4542"},{"taxonomy":"post_tag","embeddable":true,"href":"https:\/\/tvbrazilusa.com\/pt\/wp-json\/wp\/v2\/tags?post=4542"}],"curies":[{"name":"wp","href":"https:\/\/api.w.org\/{rel}","templated":true}]}}