{"id":45421,"date":"2024-10-06T16:36:43","date_gmt":"2024-10-06T16:36:43","guid":{"rendered":"https:\/\/tvbrazilusa.com\/2024\/10\/06\/urgente-bolsonaro-declara-apoio-a-marcal-caso-ocorra-um-segundo-turno-sem-nunes\/"},"modified":"2024-10-06T16:36:44","modified_gmt":"2024-10-06T16:36:44","slug":"urgente-bolsonaro-declara-apoio-a-marcal-caso-ocorra-um-segundo-turno-sem-nunes","status":"publish","type":"post","link":"https:\/\/tvbrazilusa.com\/pt\/2024\/10\/06\/urgente-bolsonaro-declara-apoio-a-marcal-caso-ocorra-um-segundo-turno-sem-nunes\/","title":{"rendered":"URGENTE: Bolsonaro declara apoio a Mar\u00e7al caso ocorra um segundo turno sem Nunes"},"content":{"rendered":"<p> <script async src=\"https:\/\/pagead2.googlesyndication.com\/pagead\/js\/adsbygoogle.js?client=ca-pub-8864793242727901\"\r\n     crossorigin=\"anonymous\"><\/script><br \/>\n<\/p>\n<div id=\"taboola-read-more\" style=\"display:block; width:100%\">\n<p>Ap\u00f3s votar na Vila Militar de Deodoro, na Zona Oeste do Rio, Jair Bolsonaro afirmou que apoiaria &#8220;qualquer um&#8221; contra Guilherme Boulos (PSOL) em um hipot\u00e9tico segundo turno nas elei\u00e7\u00f5es de S\u00e3o Paulo, inclusive Pablo Mar\u00e7al (PRTB).\n<\/p>\n<p>\u2014 Em S\u00e3o Paulo, h\u00e1 uma situa\u00e7\u00e3o nova: um garoto novo do PRTB meio pol\u00eamico. Vamos ver como o povo decide \u2014 disse o ex presidente, que confirmou que apoiaria Mar\u00e7al em caso de disputa contra Boulos. \u2014 Contra o Boulos qualquer um.<\/p>\n<p>Por outro lado, Bolsonaro relatou desconforto com um epis\u00f3dio com Mar\u00e7al, que aconteceu h\u00e1 dois meses, quando se encontraram a s\u00f3s por uma hora.\n<\/p>\n<p>\u2014 Depois do encontro, ele afirmou ao Estado de SP que eu o apoiaria. N\u00e3o falei isso. O vice do Nunes \u00e9 meu \u2014 lembrou Bolsonaro, destacando que pol\u00edticos &#8220;t\u00eam que ter palavra&#8221;. \u2014 Ele (Mar\u00e7al) \u00e9 extremamente inteligente, mas falei que tem que segurar um pouquinho. Precisa de modera\u00e7\u00e3o. Ele gosta de pol\u00eamica, de fazer v\u00eddeo pra corte.\n<\/p>\n<p>O ex presidente Jair Bolsonaro chegou \u00e0s 9h20 para votar na Vila Militar de Deodoro. Acompanhado do candidato Alexandre Ramagem (PL) e de seus filhos Flavio e Carlos, Bolsonaro foi saudado por um pequeno grupo de apoiadores na porta do col\u00e9gio Rosa da Fonseca, sua se\u00e7\u00e3o eleitoral.\n<\/p>\n<p>Fonte: O Globo <\/p>\n<\/div>\n<p><br \/>\n<br \/><a href=\"https:\/\/diariodobrasilnoticias.com.br\/noticia\/urgente-bolsonaro-declara-apoio-a-marcal-caso-ocorra-um-segundo-turno-sem-nunes-67029c701a4e8\">Source link <\/a><\/p>","protected":false},"excerpt":{"rendered":"<p>Ap\u00f3s votar na Vila Militar de Deodoro, na Zona Oeste do Rio, Jair Bolsonaro afirmou que apoiaria &#8220;qualquer um&#8221; contra Guilherme Boulos (PSOL) em um hipot\u00e9tico segundo turno nas elei\u00e7\u00f5es&hellip;<\/p>","protected":false},"author":1,"featured_media":45422,"comment_status":"closed","ping_status":"open","sticky":false,"template":"","format":"standard","meta":{"content-type":"","footnotes":""},"categories":[16],"tags":[123,2448,5313,1267],"class_list":["post-45421","post","type-post","status-publish","format-standard","has-post-thumbnail","hentry","category-noticias","tag-brasil","tag-diario","tag-noticia","tag-noticias"],"_links":{"self":[{"href":"https:\/\/tvbrazilusa.com\/pt\/wp-json\/wp\/v2\/posts\/45421","targetHints":{"allow":["GET"]}}],"collection":[{"href":"https:\/\/tvbrazilusa.com\/pt\/wp-json\/wp\/v2\/posts"}],"about":[{"href":"https:\/\/tvbrazilusa.com\/pt\/wp-json\/wp\/v2\/types\/post"}],"author":[{"embeddable":true,"href":"https:\/\/tvbrazilusa.com\/pt\/wp-json\/wp\/v2\/users\/1"}],"replies":[{"embeddable":true,"href":"https:\/\/tvbrazilusa.com\/pt\/wp-json\/wp\/v2\/comments?post=45421"}],"version-history":[{"count":1,"href":"https:\/\/tvbrazilusa.com\/pt\/wp-json\/wp\/v2\/posts\/45421\/revisions"}],"predecessor-version":[{"id":45423,"href":"https:\/\/tvbrazilusa.com\/pt\/wp-json\/wp\/v2\/posts\/45421\/revisions\/45423"}],"wp:featuredmedia":[{"embeddable":true,"href":"https:\/\/tvbrazilusa.com\/pt\/wp-json\/wp\/v2\/media\/45422"}],"wp:attachment":[{"href":"https:\/\/tvbrazilusa.com\/pt\/wp-json\/wp\/v2\/media?parent=45421"}],"wp:term":[{"taxonomy":"category","embeddable":true,"href":"https:\/\/tvbrazilusa.com\/pt\/wp-json\/wp\/v2\/categories?post=45421"},{"taxonomy":"post_tag","embeddable":true,"href":"https:\/\/tvbrazilusa.com\/pt\/wp-json\/wp\/v2\/tags?post=45421"}],"curies":[{"name":"wp","href":"https:\/\/api.w.org\/{rel}","templated":true}]}}