{"id":45424,"date":"2024-10-06T16:48:20","date_gmt":"2024-10-06T16:48:20","guid":{"rendered":"https:\/\/tvbrazilusa.com\/2024\/10\/06\/ataque-a-tiros-deixa-uma-mulher-morta-e-10-feridos-em-israel-autoridades-dizem-que-o-agressor-foi-neutralizado\/"},"modified":"2024-10-06T16:48:21","modified_gmt":"2024-10-06T16:48:21","slug":"ataque-a-tiros-deixa-uma-mulher-morta-e-10-feridos-em-israel-autoridades-dizem-que-o-agressor-foi-neutralizado","status":"publish","type":"post","link":"https:\/\/tvbrazilusa.com\/pt\/2024\/10\/06\/ataque-a-tiros-deixa-uma-mulher-morta-e-10-feridos-em-israel-autoridades-dizem-que-o-agressor-foi-neutralizado\/","title":{"rendered":"Ataque a tiros deixa uma mulher morta e 10 feridos em Israel; autoridades dizem que o agressor foi neutralizado"},"content":{"rendered":"<p> <script async src=\"https:\/\/pagead2.googlesyndication.com\/pagead\/js\/adsbygoogle.js?client=ca-pub-8864793242727901\"\r\n     crossorigin=\"anonymous\"><\/script><br \/>\n<\/p>\n<div id=\"taboola-read-more\" style=\"display:block; width:100%\">\n<p>Uma mulher foi morta e 10 pessoas ficaram feridas em um ataque a tiros em uma esta\u00e7\u00e3o de \u00f4nibus na cidade de Be\u2019er Sheva, no sul de Israel, neste domingo (6), segundo os servi\u00e7os de emerg\u00eancia.\n<\/p>\n<p>Os servi\u00e7os de emerg\u00eancia israelenses de Magen David Adom (MDA) disseram que os feridos foram levados para o Centro M\u00e9dico Soroka em Beersheba, no sul de Israel, incluindo uma pessoa que est\u00e1 em estado moderado a grave com ferimentos de bala.<\/p>\n<p>Quatro outros est\u00e3o em estado moderado com ferimentos de bala e cinco est\u00e3o em estado leve com hematomas e les\u00f5es por estilha\u00e7os de vidro, disse a MDA.\n<\/p>\n<p>O agressor foi morto, disse um porta-voz da pol\u00edcia israelense.\n<\/p>\n<p>\u201cO terrorista foi neutralizado, e numerosas for\u00e7as policiais do distrito sul est\u00e3o presentes no local\u201d, disse o porta-voz em um comunicado.\n<\/p>\n<p><strong>Entenda a escalada nos conflitos do Oriente M\u00e9dio<\/strong>\n<\/p>\n<p>O ataque com m\u00edsseis do Ir\u00e3 a Israel no dia 1\u00ba marcou uma nova etapa do conflito regional no Oriente M\u00e9dio. De um lado da guerra est\u00e1 Israel, com apoio dos Estados Unidos. Do outro, o Eixo da Resist\u00eancia, que recebe apoio financeiro e militar do Ir\u00e3 e que conta com uma s\u00e9rie de grupos paramilitares. S\u00e3o sete frentes de conflito abertas atualmente: a Rep\u00fablica Isl\u00e2mica do Ir\u00e3; o Hamas, na Faixa de Gaza; o Hezbollah, no L\u00edbano; o governo S\u00edrio e as mil\u00edcias que atuam no pa\u00eds; os Houthis, no I\u00eamen; grupos xiitas no Iraque; e diferentes organiza\u00e7\u00f5es militantes na Cisjord\u00e2nia.\n<\/p>\n<p>Israel tem soldados em tr\u00eas dessas frentes: L\u00edbano, Cisjord\u00e2nia e Faixa de Gaza. Nas outras quatro, realiza bombardeios a\u00e9reos. O Ex\u00e9rcito israelense iniciou uma \u201copera\u00e7\u00e3o terrestre limitada\u201d no L\u00edbano no dia 30 de setembro, dias depois de Israel matar o l\u00edder do Hezbollah, Hassan Nasrallah, em um bombardeio ao quartel-general do grupo, no sub\u00farbio de Beirute.\n<\/p>\n<p>As For\u00e7as de Defesa de Israel afirmam que mataram praticamente toda a cadeia de comando do Hezbollah em bombardeios semelhantes realizados nas \u00faltimas semanas.\n<\/p>\n<p>No dia 23 de setembro, o L\u00edbano teve o dia mais mortal desde a guerra de 2006, com mais de 500 v\u00edtimas fatais. Ao menos dois adolescentes brasileiros morreram nos ataques. O Itamaraty condenou a situa\u00e7\u00e3o e pediu o fim das hostilidades. Com o aumento das hostilidades, o governo brasileiro anunciou uma opera\u00e7\u00e3o para repatriar brasileiros no L\u00edbano.\n<\/p>\n<p>Na Cisjord\u00e2nia, os militares israelenses tentam desarticular grupos contr\u00e1rios \u00e0 ocupa\u00e7\u00e3o de Israel ao territ\u00f3rio palestino. J\u00e1 na Faixa de Gaza, Israel busca erradicar o Hamas, respons\u00e1vel pelo ataque de 7 de outubro que deixou mais de 1.200 mortos, segundo informa\u00e7\u00f5es do governo israelense.\n<\/p>\n<p>A opera\u00e7\u00e3o israelense matou mais de 40 mil palestinos, segundo o Minist\u00e9rio da Sa\u00fade do enclave, controlado pelo Hamas. O l\u00edder do Hamas, Yahya Sinwar, segue escondido em t\u00faneis na Faixa de Gaza, onde tamb\u00e9m estariam em cativeiro dezenas de israelenses sequestrados pelo Hamas.\n<\/p>\n<p>Fonte: CNN <\/p>\n<\/div>\n<p><br \/>\n<br \/><a href=\"https:\/\/diariodobrasilnoticias.com.br\/noticia\/ataque-a-tiros-deixa-uma-mulher-morta-e-10-feridos-em-israel-autoridades-dizem-que-o-agressor-foi-neutralizado-6702a0be4bfba\">Source link <\/a><\/p>","protected":false},"excerpt":{"rendered":"<p>Uma mulher foi morta e 10 pessoas ficaram feridas em um ataque a tiros em uma esta\u00e7\u00e3o de \u00f4nibus na cidade de Be\u2019er Sheva, no sul de Israel, neste domingo&hellip;<\/p>","protected":false},"author":1,"featured_media":45425,"comment_status":"closed","ping_status":"open","sticky":false,"template":"","format":"standard","meta":{"content-type":"","footnotes":""},"categories":[16],"tags":[123,2448,5313,1267],"class_list":["post-45424","post","type-post","status-publish","format-standard","has-post-thumbnail","hentry","category-noticias","tag-brasil","tag-diario","tag-noticia","tag-noticias"],"_links":{"self":[{"href":"https:\/\/tvbrazilusa.com\/pt\/wp-json\/wp\/v2\/posts\/45424","targetHints":{"allow":["GET"]}}],"collection":[{"href":"https:\/\/tvbrazilusa.com\/pt\/wp-json\/wp\/v2\/posts"}],"about":[{"href":"https:\/\/tvbrazilusa.com\/pt\/wp-json\/wp\/v2\/types\/post"}],"author":[{"embeddable":true,"href":"https:\/\/tvbrazilusa.com\/pt\/wp-json\/wp\/v2\/users\/1"}],"replies":[{"embeddable":true,"href":"https:\/\/tvbrazilusa.com\/pt\/wp-json\/wp\/v2\/comments?post=45424"}],"version-history":[{"count":1,"href":"https:\/\/tvbrazilusa.com\/pt\/wp-json\/wp\/v2\/posts\/45424\/revisions"}],"predecessor-version":[{"id":45426,"href":"https:\/\/tvbrazilusa.com\/pt\/wp-json\/wp\/v2\/posts\/45424\/revisions\/45426"}],"wp:featuredmedia":[{"embeddable":true,"href":"https:\/\/tvbrazilusa.com\/pt\/wp-json\/wp\/v2\/media\/45425"}],"wp:attachment":[{"href":"https:\/\/tvbrazilusa.com\/pt\/wp-json\/wp\/v2\/media?parent=45424"}],"wp:term":[{"taxonomy":"category","embeddable":true,"href":"https:\/\/tvbrazilusa.com\/pt\/wp-json\/wp\/v2\/categories?post=45424"},{"taxonomy":"post_tag","embeddable":true,"href":"https:\/\/tvbrazilusa.com\/pt\/wp-json\/wp\/v2\/tags?post=45424"}],"curies":[{"name":"wp","href":"https:\/\/api.w.org\/{rel}","templated":true}]}}