{"id":45427,"date":"2024-10-06T17:05:46","date_gmt":"2024-10-06T17:05:46","guid":{"rendered":"https:\/\/tvbrazilusa.com\/2024\/10\/06\/presidente-do-tse-ministra-carmen-lucia-diz-que-urna-e-segura-auditavel-e-inquestionavel\/"},"modified":"2024-10-06T17:05:48","modified_gmt":"2024-10-06T17:05:48","slug":"presidente-do-tse-ministra-carmen-lucia-diz-que-urna-e-segura-auditavel-e-inquestionavel","status":"publish","type":"post","link":"https:\/\/tvbrazilusa.com\/pt\/2024\/10\/06\/presidente-do-tse-ministra-carmen-lucia-diz-que-urna-e-segura-auditavel-e-inquestionavel\/","title":{"rendered":"Presidente do TSE, ministra C\u00e1rmen L\u00facia, diz que urna \u00e9 &#8216;segura, audit\u00e1vel e inquestion\u00e1vel&#8217;"},"content":{"rendered":"<p> <script async src=\"https:\/\/pagead2.googlesyndication.com\/pagead\/js\/adsbygoogle.js?client=ca-pub-8864793242727901\"\r\n     crossorigin=\"anonymous\"><\/script><br \/>\n<\/p>\n<div>\n<figure class=\"post-image\">\n<\/figure>\n<p><span style=\"font-size: 12px\">WILTON JUNIOR\/ESTAD\u00c3O CONTE\u00daDO<\/span><\/p>\n<div id=\"taboola-read-more\" style=\"display:block; width:100%\">\n<p>A presidente do Tribunal Superior Eleitoral (TSE), ministra C\u00e1rmen L\u00facia, destacou em pronunciamento na TV a import\u00e2ncia do voto e a seguran\u00e7a das urnas eletr\u00f4nicas para as elei\u00e7\u00f5es que v\u00e3o definir prefeitos e vereadores em 5.569 cidades do pa\u00eds neste domingo (6). No discurso, a magistrada refor\u00e7ou que a urna \u00e9 \u201csegura, audit\u00e1vel e inquestion\u00e1vel\u201d e tamb\u00e9m pediu uma vota\u00e7\u00e3o \u201csem hostilidades\u201d. \u201cO voto foi conquistado para que a democracia prevalecesse\u201d, disse a magistrada na grava\u00e7\u00e3o divulgada na noite de s\u00e1bado (5). \u201cVamos caminhar juntos, atentos, sem hostilidades nem desalentos insuper\u00e1veis\u201d, acrescentou, refor\u00e7ando a participa\u00e7\u00e3o de quem pensa igual e de quem pensa diferente no processo eleitoral.\n<\/p>\n<p>A ministra votou em seu col\u00e9gio eleitoral em Belo Horizonte logo ap\u00f3s a abertura das urnas, no come\u00e7o da manh\u00e3 deste domingo. Neste s\u00e1bado (5) o Tribunal Regional Eleitoral de S\u00e3o Paulo determinou a exclus\u00e3o de um v\u00eddeo publicado pelo candidato Pablo Mar\u00e7al (PRTB) com um laudo m\u00e9dico falsificado contra o deputado federal Guilherme Boulos (PSOL). A per\u00edcia da Pol\u00edcia Civil paulista apontou que o documento n\u00e3o \u00e9 verdadeiro.<\/p>\n<p>A ministra tem sido cautelosa ao abordar o assunto com a sua equipe no TSE e n\u00e3o deve se manifestar oficialmente sobre o caso, pois h\u00e1 o entendimento de que ela e os ministros da Corte podem vir a julgar o processo. O TSE \u00e9 uma Corte recursal, portanto ser\u00e1 o primeiro a se posicionar caso as campanhas de Boulos e Mar\u00e7al recorram da decis\u00e3o do juiz Rodrigo Marzola Colombini, da 2\u00aa Zona Eleitoral, que determinou a exclus\u00e3o do v\u00eddeo, mas manteve ativas as contas do candidato do PRTB.\n<\/p>\n<p>Fonte: Jovem Pan News <\/p>\n<\/div>\n<div class=\"row mt-3\">\n<div class=\"col-sm-6\">\n<p><a href=\"https:\/\/chat.whatsapp.com\/GwURnmOyPiN1XheGYvCspN\" target=\"_blank\" rel=\"noopener\"><br \/>\n<img decoding=\"async\" src=\"https:\/\/diariodobrasilnoticias.com.br\/assets-site\/images\/bot_whatsapp.png\"\/><\/a>\n<\/div>\n<div class=\"col-sm-6\">\n<a href=\"https:\/\/t.me\/+_4gTmi5LKo03OTM5\" target=\"_blank\" rel=\"noopener\"><br \/>\n<img decoding=\"async\" src=\"https:\/\/diariodobrasilnoticias.com.br\/assets-site\/images\/bot_telegram.png\"\/><\/a>\n<\/div>\n<\/div>\n<\/div>\n<p><br \/>\n<br \/><a href=\"https:\/\/diariodobrasilnoticias.com.br\/noticia\/presidente-do-tse-ministra-carmen-lucia-diz-que-urna-e-segura-auditavel-e-inquestionavel-6702a6e1eca2b\">Source link <\/a><\/p>","protected":false},"excerpt":{"rendered":"<p>WILTON JUNIOR\/ESTAD\u00c3O CONTE\u00daDO A presidente do Tribunal Superior Eleitoral (TSE), ministra C\u00e1rmen L\u00facia, destacou em pronunciamento na TV a import\u00e2ncia do voto e a seguran\u00e7a das urnas eletr\u00f4nicas para as&hellip;<\/p>","protected":false},"author":1,"featured_media":45428,"comment_status":"closed","ping_status":"open","sticky":false,"template":"","format":"standard","meta":{"content-type":"","footnotes":""},"categories":[16],"tags":[123,2448,5313,1267],"class_list":["post-45427","post","type-post","status-publish","format-standard","has-post-thumbnail","hentry","category-noticias","tag-brasil","tag-diario","tag-noticia","tag-noticias"],"_links":{"self":[{"href":"https:\/\/tvbrazilusa.com\/pt\/wp-json\/wp\/v2\/posts\/45427","targetHints":{"allow":["GET"]}}],"collection":[{"href":"https:\/\/tvbrazilusa.com\/pt\/wp-json\/wp\/v2\/posts"}],"about":[{"href":"https:\/\/tvbrazilusa.com\/pt\/wp-json\/wp\/v2\/types\/post"}],"author":[{"embeddable":true,"href":"https:\/\/tvbrazilusa.com\/pt\/wp-json\/wp\/v2\/users\/1"}],"replies":[{"embeddable":true,"href":"https:\/\/tvbrazilusa.com\/pt\/wp-json\/wp\/v2\/comments?post=45427"}],"version-history":[{"count":1,"href":"https:\/\/tvbrazilusa.com\/pt\/wp-json\/wp\/v2\/posts\/45427\/revisions"}],"predecessor-version":[{"id":45429,"href":"https:\/\/tvbrazilusa.com\/pt\/wp-json\/wp\/v2\/posts\/45427\/revisions\/45429"}],"wp:featuredmedia":[{"embeddable":true,"href":"https:\/\/tvbrazilusa.com\/pt\/wp-json\/wp\/v2\/media\/45428"}],"wp:attachment":[{"href":"https:\/\/tvbrazilusa.com\/pt\/wp-json\/wp\/v2\/media?parent=45427"}],"wp:term":[{"taxonomy":"category","embeddable":true,"href":"https:\/\/tvbrazilusa.com\/pt\/wp-json\/wp\/v2\/categories?post=45427"},{"taxonomy":"post_tag","embeddable":true,"href":"https:\/\/tvbrazilusa.com\/pt\/wp-json\/wp\/v2\/tags?post=45427"}],"curies":[{"name":"wp","href":"https:\/\/api.w.org\/{rel}","templated":true}]}}