{"id":45465,"date":"2024-10-06T17:56:58","date_gmt":"2024-10-06T17:56:58","guid":{"rendered":"https:\/\/tvbrazilusa.com\/2024\/10\/06\/parlamentares-americanos-condenam-censura-imposta-por-moraes-e-enviam-carta-a-antony-blinken-paulo-figueiredo\/"},"modified":"2024-10-06T19:38:35","modified_gmt":"2024-10-06T19:38:35","slug":"parlamentares-americanos-condenam-censura-imposta-por-moraes-e-enviam-carta-a-antony-blinken-paulo-figueiredo","status":"publish","type":"post","link":"https:\/\/tvbrazilusa.com\/pt\/2024\/10\/06\/parlamentares-americanos-condenam-censura-imposta-por-moraes-e-enviam-carta-a-antony-blinken-paulo-figueiredo\/","title":{"rendered":"Parlamentares Americanos Condenam Censura Imposta por Moraes e Enviam Carta a Antony Blinken &#8211; Paulo Figueiredo"},"content":{"rendered":"<p> <script async src=\"https:\/\/pagead2.googlesyndication.com\/pagead\/js\/adsbygoogle.js?client=ca-pub-8864793242727901\"\r\n     crossorigin=\"anonymous\"><\/script><br \/>\n<\/p>\n<div id=\"wtr-content\" data-bg=\"#FFFFFF\" data-fg=\"#006d91\" data-width=\"25\" data-mute=\"1\" data-fgopacity=\"1.00\" data-mutedopacity=\"0.5\" data-placement=\"bottom\" data-placement-offset=\"0\" data-content-offset=\"262\" data-placement-touch=\"bottom\" data-placement-offset-touch=\"0\" data-transparent=\"\" data-shadow=\"0\" data-touch=\"1\" data-non-touch=\"1\" data-comments=\"0\" data-commentsbg=\"transparent\" data-location=\"page\" data-mutedfg=\"#006d91\" data-endfg=\"#006d91\" data-rtl=\"\">\n<p>Em uma a\u00e7\u00e3o sem precedentes, um grupo de parlamentares americanos enviou, <strong>em 30 de setembro de 2024, uma carta endere\u00e7ada ao Secret\u00e1rio de Estado, Antony Blinken<\/strong>, manifestando profundas preocupa\u00e7\u00f5es em rela\u00e7\u00e3o \u00e0 crescente censura no Brasil. A carta destacou o papel do ministro do Supremo Tribunal Federal (STF), Alexandre de Moraes, nas restri\u00e7\u00f5es \u00e0 liberdade de express\u00e3o no pa\u00eds, e solicitou um posicionamento do governo dos Estados Unidos sobre esses abusos.<\/p>\n<h3 class=\"wp-block-heading\"><strong>Contexto e Abusos Denunciados<\/strong><\/h3>\n<p>Os parlamentares americanos acusam Moraes de utilizar seu poder judicial para coagir plataformas de m\u00eddia social, como o X (antigo Twitter), de propriedade de Elon Musk, a suprimir opositores pol\u00edticos e cercear a liberdade de express\u00e3o. As investiga\u00e7\u00f5es conduzidas por Moraes, justificadas como combate \u00e0 \u201cdesinforma\u00e7\u00e3o\u201d, t\u00eam, na pr\u00e1tica, silenciado vozes cr\u00edticas ao governo brasileiro.<\/p>\n<\/div>\n<p><br \/>\n<br \/><a href=\"https:\/\/paulofigueiredoshow.com\/parlamentares-americanos-condenam-censura-imposta-por-moraes-e-enviam-carta-a-antony-blinken\/\">Source link <\/a><\/p>","protected":false},"excerpt":{"rendered":"<p>Em uma a\u00e7\u00e3o sem precedentes, um grupo de parlamentares americanos enviou, em 30 de setembro de 2024, uma carta endere\u00e7ada ao Secret\u00e1rio de Estado, Antony Blinken, manifestando profundas preocupa\u00e7\u00f5es em&hellip;<\/p>","protected":false},"author":1,"featured_media":45466,"comment_status":"closed","ping_status":"open","sticky":false,"template":"","format":"standard","meta":{"content-type":"","footnotes":""},"categories":[16],"tags":[897,1746,1991,495,915,425,25594,871,25595],"class_list":["post-45465","post","type-post","status-publish","format-standard","has-post-thumbnail","hentry","category-noticias","tag-abusos","tag-alexandre","tag-carta","tag-censura","tag-elon","tag-moraes","tag-parlamentates","tag-stf","tag-x-plataforma"],"_links":{"self":[{"href":"https:\/\/tvbrazilusa.com\/pt\/wp-json\/wp\/v2\/posts\/45465","targetHints":{"allow":["GET"]}}],"collection":[{"href":"https:\/\/tvbrazilusa.com\/pt\/wp-json\/wp\/v2\/posts"}],"about":[{"href":"https:\/\/tvbrazilusa.com\/pt\/wp-json\/wp\/v2\/types\/post"}],"author":[{"embeddable":true,"href":"https:\/\/tvbrazilusa.com\/pt\/wp-json\/wp\/v2\/users\/1"}],"replies":[{"embeddable":true,"href":"https:\/\/tvbrazilusa.com\/pt\/wp-json\/wp\/v2\/comments?post=45465"}],"version-history":[{"count":1,"href":"https:\/\/tvbrazilusa.com\/pt\/wp-json\/wp\/v2\/posts\/45465\/revisions"}],"predecessor-version":[{"id":45467,"href":"https:\/\/tvbrazilusa.com\/pt\/wp-json\/wp\/v2\/posts\/45465\/revisions\/45467"}],"wp:featuredmedia":[{"embeddable":true,"href":"https:\/\/tvbrazilusa.com\/pt\/wp-json\/wp\/v2\/media\/45466"}],"wp:attachment":[{"href":"https:\/\/tvbrazilusa.com\/pt\/wp-json\/wp\/v2\/media?parent=45465"}],"wp:term":[{"taxonomy":"category","embeddable":true,"href":"https:\/\/tvbrazilusa.com\/pt\/wp-json\/wp\/v2\/categories?post=45465"},{"taxonomy":"post_tag","embeddable":true,"href":"https:\/\/tvbrazilusa.com\/pt\/wp-json\/wp\/v2\/tags?post=45465"}],"curies":[{"name":"wp","href":"https:\/\/api.w.org\/{rel}","templated":true}]}}