{"id":45485,"date":"2024-10-06T20:49:05","date_gmt":"2024-10-06T20:49:05","guid":{"rendered":"https:\/\/tvbrazilusa.com\/2024\/10\/06\/governo-do-rn-divulga-balanco-de-crimes-eleitorais\/"},"modified":"2024-10-06T20:49:06","modified_gmt":"2024-10-06T20:49:06","slug":"governo-do-rn-divulga-balanco-de-crimes-eleitorais","status":"publish","type":"post","link":"https:\/\/tvbrazilusa.com\/pt\/2024\/10\/06\/governo-do-rn-divulga-balanco-de-crimes-eleitorais\/","title":{"rendered":"Governo do RN divulga balan\u00e7o de crimes eleitorais"},"content":{"rendered":"<p> <script async src=\"https:\/\/pagead2.googlesyndication.com\/pagead\/js\/adsbygoogle.js?client=ca-pub-8864793242727901\"\r\n     crossorigin=\"anonymous\"><\/script><br \/>\n<\/p>\n<div id=\"taboola-read-more\" style=\"display:block; width:100%\">\n<p>A governadora do Rio Grande do Norte, professora F\u00e1tima Bezerra, visitou nesta manh\u00e3 o Centro Integrado de Comando e Controle Estadual (CICCE). O gabinete foi montado na Secretaria da Seguran\u00e7a P\u00fablica e da Defesa Social (SESED) com o objetivo de registrar as ocorr\u00eancias e monitorar todas as a\u00e7\u00f5es de seguran\u00e7a p\u00fablica realizadas ao longo da Opera\u00e7\u00e3o Elei\u00e7\u00f5es 2024. Na ocasi\u00e3o, o secret\u00e1rio titular da pasta, coronel Francisco Ara\u00fajo Silva, apresentou um balan\u00e7o dos crimes eleitorais registrados at\u00e9 \u00e0s 11h.\n<\/p>\n<p>&#8220;A Opera\u00e7\u00e3o Elei\u00e7\u00f5es tem como destaque a integra\u00e7\u00e3o do Governo do Estado com os demais poderes, como o Tribunal Regional Eleitoral, Minist\u00e9rio P\u00fablico e outras institui\u00e7\u00f5es federais. Um trabalho conjunto para garantir elei\u00e7\u00f5es seguras e pac\u00edficas&#8221;, afirmou a governadora F\u00e1tima Bezerra.<\/p>\n<p>Foram lan\u00e7ados no sistema Cortex, que \u00e9 monitorado em tempo real pelo Minist\u00e9rio da Justi\u00e7a e Seguran\u00e7a P\u00fablica (MJSP) e Superior Tribunal Eleitoral (TSE), ocorr\u00eancias registradas em:\n<\/p>\n<p>\u2022 Cidade: Campo Grande | Crime: Amea\u00e7a a candidato<br \/>Dia 04\/10 (Registrada dia 05\/10) | Hor\u00e1rio: 10h30\n<\/p>\n<p>\u2022 Cidade: S\u00e3o Jos\u00e9 de Mipibu | Crime: Den\u00fancia de cal\u00fania<br \/>Dia 05\/10 | Hor\u00e1rio: 9h00\n<\/p>\n<p>\u2022 Cidade: Dr. Severiano | Crime: Compra de voto<br \/>Obs: Uma pessoa detida<br \/>Dia 05\/10 | Hor\u00e1rio: 17h30\n<\/p>\n<p>\u2022 Cidade: N\u00edsia Floresta | Crime: Tentativa de homic\u00eddio<br \/>Dia 06\/10 | Hor\u00e1rio: 1h30\n<\/p>\n<p>\u2022 Cidade: Parnamirim | Crime: Amea\u00e7a e propaganda irregular<br \/>Obs: Duas armas apreendidas e filho do prefeito detido<br \/>Dia 06\/10 | Hor\u00e1rio: 3h00\n<\/p>\n<p>&#8220;Pela quantidade de ocorr\u00eancias at\u00e9 o momento, em rela\u00e7\u00e3o a quantidade de eleitores e locais de vota\u00e7\u00e3o, e considerando os esfor\u00e7os das for\u00e7as de seguran\u00e7a p\u00fablica estaduais, federais e municipais, que atuam de forma integrada, acreditamos que o pleito eleitoral est\u00e1 acontecendo dentro da expectativa&#8221;, afirmou o secret\u00e1rio da SESED, coronel Francisco Ara\u00fajo.\n<\/p>\n<p>Participaram da reuni\u00e3o a CICCE a presidente do Tribunal Regional Eleitoral (TRE-RN), desembargadora Maria de Lourdes Azevedo, a Procuradora Geral de Justi\u00e7a do RN, promotora Elaine Cardoso, o Comandante da 7\u00aa Brigada de Infantaria Motorizada do Ex\u00e9rcito, General de Brigada Klauber Candian, o Chefe do Estado-Maior do Comando do 3\u00ba Distrito Naval da Marinha do Brasil, Capit\u00e3o de Mar e Guerra Marcus Vinicius Povoa Nobrica, e o Procurador-Geral do Estado, Antenor Roberto.\n<\/p>\n<p>Os representantes das institui\u00e7\u00f5es foram recebidos pela governadora F\u00e1tima Bezerra, pelo titular da SESED, coronel Ara\u00fajo, e pelo secret\u00e1rio adjunto, delegado Osmir Monte. Tamb\u00e9m estiveram presentes o comandante-geral da Pol\u00edcia Militar, coronel Alarico Azevedo, a delegada-geral de Pol\u00edcia Civil, Ana Cl\u00e1udia Saraiva, o comandante-geral do Corpo de Bombeiros Militar, coronel Monteiro J\u00fanior, a Superintendente da Pol\u00edcia Federal, Larissa Perdig\u00e3o, o superintendente da Pol\u00edcia Rodovi\u00e1ria Federal, P\u00e9ricles Ven\u00e2ncio, e a superintendente da Ag\u00eancia Brasileira de Intelig\u00eancia no RN, Fernanda M\u00fcller.\n<\/p>\n<p>Veja V\u00eddeo:\n<\/p>\n<p>Fonte: Governo do Estado <\/p>\n<\/div>\n<p><br \/>\n<br \/><a href=\"https:\/\/diariodobrasilnoticias.com.br\/noticia\/governo-do-rn-divulga-balanco-de-crimes-eleitorais-6702c09d63869\">Source link <\/a><\/p>","protected":false},"excerpt":{"rendered":"<p>A governadora do Rio Grande do Norte, professora F\u00e1tima Bezerra, visitou nesta manh\u00e3 o Centro Integrado de Comando e Controle Estadual (CICCE). O gabinete foi montado na Secretaria da Seguran\u00e7a&hellip;<\/p>","protected":false},"author":1,"featured_media":45486,"comment_status":"closed","ping_status":"open","sticky":false,"template":"","format":"standard","meta":{"content-type":"","footnotes":""},"categories":[16],"tags":[123,2448,5313,1267],"class_list":["post-45485","post","type-post","status-publish","format-standard","has-post-thumbnail","hentry","category-noticias","tag-brasil","tag-diario","tag-noticia","tag-noticias"],"_links":{"self":[{"href":"https:\/\/tvbrazilusa.com\/pt\/wp-json\/wp\/v2\/posts\/45485","targetHints":{"allow":["GET"]}}],"collection":[{"href":"https:\/\/tvbrazilusa.com\/pt\/wp-json\/wp\/v2\/posts"}],"about":[{"href":"https:\/\/tvbrazilusa.com\/pt\/wp-json\/wp\/v2\/types\/post"}],"author":[{"embeddable":true,"href":"https:\/\/tvbrazilusa.com\/pt\/wp-json\/wp\/v2\/users\/1"}],"replies":[{"embeddable":true,"href":"https:\/\/tvbrazilusa.com\/pt\/wp-json\/wp\/v2\/comments?post=45485"}],"version-history":[{"count":1,"href":"https:\/\/tvbrazilusa.com\/pt\/wp-json\/wp\/v2\/posts\/45485\/revisions"}],"predecessor-version":[{"id":45487,"href":"https:\/\/tvbrazilusa.com\/pt\/wp-json\/wp\/v2\/posts\/45485\/revisions\/45487"}],"wp:featuredmedia":[{"embeddable":true,"href":"https:\/\/tvbrazilusa.com\/pt\/wp-json\/wp\/v2\/media\/45486"}],"wp:attachment":[{"href":"https:\/\/tvbrazilusa.com\/pt\/wp-json\/wp\/v2\/media?parent=45485"}],"wp:term":[{"taxonomy":"category","embeddable":true,"href":"https:\/\/tvbrazilusa.com\/pt\/wp-json\/wp\/v2\/categories?post=45485"},{"taxonomy":"post_tag","embeddable":true,"href":"https:\/\/tvbrazilusa.com\/pt\/wp-json\/wp\/v2\/tags?post=45485"}],"curies":[{"name":"wp","href":"https:\/\/api.w.org\/{rel}","templated":true}]}}