{"id":45488,"date":"2024-10-06T17:50:14","date_gmt":"2024-10-06T17:50:14","guid":{"rendered":"https:\/\/tvbrazilusa.com\/2024\/10\/06\/lula-vota-em-sao-bernardo-do-campo-e-fala-em-democracia-para-o-bem-ou-para-o-mal-paulo-figueiredo\/"},"modified":"2024-10-06T21:12:47","modified_gmt":"2024-10-06T21:12:47","slug":"lula-vota-em-sao-bernardo-do-campo-e-fala-em-democracia-para-o-bem-ou-para-o-mal-paulo-figueiredo","status":"publish","type":"post","link":"https:\/\/tvbrazilusa.com\/pt\/2024\/10\/06\/lula-vota-em-sao-bernardo-do-campo-e-fala-em-democracia-para-o-bem-ou-para-o-mal-paulo-figueiredo\/","title":{"rendered":"Lula vota em S\u00e3o Bernardo do Campo e fala em democracia \u201cpara o bem ou para o mal\u201d &#8211; Paulo Figueiredo"},"content":{"rendered":"<p> <script async src=\"https:\/\/pagead2.googlesyndication.com\/pagead\/js\/adsbygoogle.js?client=ca-pub-8864793242727901\"\r\n     crossorigin=\"anonymous\"><\/script><br \/>\n<\/p>\n<div id=\"wtr-content\" data-bg=\"#FFFFFF\" data-fg=\"#006d91\" data-width=\"25\" data-mute=\"1\" data-fgopacity=\"1.00\" data-mutedopacity=\"0.5\" data-placement=\"bottom\" data-placement-offset=\"0\" data-content-offset=\"262\" data-placement-touch=\"bottom\" data-placement-offset-touch=\"0\" data-transparent=\"\" data-shadow=\"0\" data-touch=\"1\" data-non-touch=\"1\" data-comments=\"0\" data-commentsbg=\"transparent\" data-location=\"page\" data-mutedfg=\"#006d91\" data-endfg=\"#006d91\" data-rtl=\"\">\n<p>O presidente<strong>\u00a0Luiz In\u00e1cio Lula da Silva (PT)\u00a0<\/strong>votou na manh\u00e3 deste domingo (6) em S\u00e3o Bernardo do Campo, no ABC Paulista. Ele compareceu \u00e0 Escola Estadual Jo\u00e3o Firmino Correia de Ara\u00fajo por volta das 9h15 e falou a respeito da import\u00e2ncia de os eleitores conhecerem seus candidatos.<\/p>\n<p>Em coletiva de imprensa realizada no local, Lula afirmou que a elei\u00e7\u00e3o \u00e9 um \u201cmomento bonito\u201d e que \u201cenquanto existir democracia, existir\u00e1 o direito do povo escolher, para o bem ou para o mal.\u201d<\/p>\n<p>Segundo o presidente, se a popula\u00e7\u00e3o tiver acesso a \u201cboas informa\u00e7\u00f5es\u201d, sempre \u201cvai escolher para o bem\u201d. Por isso, aponta que \u00e9 necess\u00e1rio conhecer a biografia dos candidatos, j\u00e1 que o passado dessas pessoas revela sobre o que far\u00e3o no futuro. \u201c\u00c9 importante que a gente saiba o que a pessoa fez ontem, antes de ontem, durante sua vida inteira\u201d, disse.<\/p>\n<p>O presidente tamb\u00e9m lamentou o roubo de um carro da equipe do\u00a0<strong>Gabinete de Seguran\u00e7a Institucional (GSI)<\/strong>\u00a0da Presid\u00eancia da Rep\u00fablica no local. O ve\u00edculo foi alvo de bandidos na \u00faltima sexta-feira (4) enquanto a equipe trabalhava na escola onde Lula vota.<\/p>\n<p>Durante a coletiva, o presidente ainda respondeu uma pergunta a respeito da regulamenta\u00e7\u00e3o dos jogos de azar. \u201cN\u00e3o posso permitir que as apostas se transformem em uma doen\u00e7a, em um v\u00edcio\u201d, disse. \u201cIsso \u00e9 uma doen\u00e7a e n\u00f3s temos que tratar tamb\u00e9m\u201d, continuou.<\/p>\n<p>Ele estava acompanhado da esposa Janja, dos ministros Alexandre Padilha e Luiz Marinho, e de candidatos ao cargo de prefeito das cidades de S\u00e3o Bernardo, Diadema, Mau\u00e1 e Santo Andr\u00e9.<\/p>\n<h3 class=\"wp-block-heading\">Vota\u00e7\u00e3o come\u00e7ou \u00e0s 8h, no hor\u00e1rio de Bras\u00edlia<\/h3>\n<p>Mais de 500 mil se\u00e7\u00f5es eleitorais do pa\u00eds foram abertas \u00e0s 8h (hor\u00e1rio de Bras\u00edlia) deste domingo (6), e a vota\u00e7\u00e3o segue at\u00e9 as 17h em 5.569 cidades.<\/p>\n<p>Para que todo o pa\u00eds vote ao mesmo tempo, algumas cidades do Acre e do Amazonas iniciaram o trabalho \u00e0s 6h do hor\u00e1rio local. Outros munic\u00edpios de estados como Roraima, Par\u00e1, Rond\u00f4nia, Mato Grosso e Mato Grosso do Sul come\u00e7aram \u00e0s 7h.<\/p>\n<p>Ao todo, mais de 155 milh\u00f5es de eleitores est\u00e3o aptos para escolher prefeitos e vereadores, com mandato de 2025 a 2028.<\/p>\n<p>Segundo dados do Tribunal Superior Eleitoral (TSE), h\u00e1 431.979 candidatos a vereador e 15.573 a prefeito. Desses, ser\u00e3o eleitos 5.569 prefeitos e mais de 58.000 vereadores.<\/p>\n<p><strong><a href=\"https:\/\/www.gazetadopovo.com.br\/republica\/lula-vota-em-sao-bernardo-do-campo-e-fala-em-democracia-para-o-bem-e-para-o-mal\/\">Source link<\/a><\/strong><\/p>\n<\/div>\n<p><br \/>\n<br \/><a href=\"https:\/\/paulofigueiredoshow.com\/lula-vota-em-sao-bernardo-do-campo-e-fala-em-democracia-para-o-bem-ou-para-o-mal\/\">Source link <\/a><\/p>","protected":false},"excerpt":{"rendered":"<p>O presidente\u00a0Luiz In\u00e1cio Lula da Silva (PT)\u00a0votou na manh\u00e3 deste domingo (6) em S\u00e3o Bernardo do Campo, no ABC Paulista. Ele compareceu \u00e0 Escola Estadual Jo\u00e3o Firmino Correia de Ara\u00fajo&hellip;<\/p>","protected":false},"author":1,"featured_media":9111,"comment_status":"closed","ping_status":"open","sticky":false,"template":"","format":"standard","meta":{"content-type":"","footnotes":""},"categories":[16],"tags":[89,25612,25613],"class_list":["post-45488","post","type-post","status-publish","format-standard","has-post-thumbnail","hentry","category-noticias","tag-lula","tag-sao-bernado","tag-vota"],"_links":{"self":[{"href":"https:\/\/tvbrazilusa.com\/pt\/wp-json\/wp\/v2\/posts\/45488","targetHints":{"allow":["GET"]}}],"collection":[{"href":"https:\/\/tvbrazilusa.com\/pt\/wp-json\/wp\/v2\/posts"}],"about":[{"href":"https:\/\/tvbrazilusa.com\/pt\/wp-json\/wp\/v2\/types\/post"}],"author":[{"embeddable":true,"href":"https:\/\/tvbrazilusa.com\/pt\/wp-json\/wp\/v2\/users\/1"}],"replies":[{"embeddable":true,"href":"https:\/\/tvbrazilusa.com\/pt\/wp-json\/wp\/v2\/comments?post=45488"}],"version-history":[{"count":1,"href":"https:\/\/tvbrazilusa.com\/pt\/wp-json\/wp\/v2\/posts\/45488\/revisions"}],"predecessor-version":[{"id":45489,"href":"https:\/\/tvbrazilusa.com\/pt\/wp-json\/wp\/v2\/posts\/45488\/revisions\/45489"}],"wp:featuredmedia":[{"embeddable":true,"href":"https:\/\/tvbrazilusa.com\/pt\/wp-json\/wp\/v2\/media\/9111"}],"wp:attachment":[{"href":"https:\/\/tvbrazilusa.com\/pt\/wp-json\/wp\/v2\/media?parent=45488"}],"wp:term":[{"taxonomy":"category","embeddable":true,"href":"https:\/\/tvbrazilusa.com\/pt\/wp-json\/wp\/v2\/categories?post=45488"},{"taxonomy":"post_tag","embeddable":true,"href":"https:\/\/tvbrazilusa.com\/pt\/wp-json\/wp\/v2\/tags?post=45488"}],"curies":[{"name":"wp","href":"https:\/\/api.w.org\/{rel}","templated":true}]}}