{"id":45499,"date":"2024-10-06T17:43:44","date_gmt":"2024-10-06T17:43:44","guid":{"rendered":"https:\/\/tvbrazilusa.com\/2024\/10\/06\/bolsonaro-pode-apoiar-pablo-marcal-em-sao-paulo-paulo-figueiredo\/"},"modified":"2024-10-06T21:49:13","modified_gmt":"2024-10-06T21:49:13","slug":"bolsonaro-pode-apoiar-pablo-marcal-em-sao-paulo-paulo-figueiredo","status":"publish","type":"post","link":"https:\/\/tvbrazilusa.com\/pt\/2024\/10\/06\/bolsonaro-pode-apoiar-pablo-marcal-em-sao-paulo-paulo-figueiredo\/","title":{"rendered":"Bolsonaro pode apoiar Pablo Mar\u00e7al em S\u00e3o Paulo &#8211; Paulo Figueiredo"},"content":{"rendered":"<p> <script async src=\"https:\/\/pagead2.googlesyndication.com\/pagead\/js\/adsbygoogle.js?client=ca-pub-8864793242727901\"\r\n     crossorigin=\"anonymous\"><\/script><br \/>\n<\/p>\n<div id=\"wtr-content\" data-bg=\"#FFFFFF\" data-fg=\"#006d91\" data-width=\"25\" data-mute=\"1\" data-fgopacity=\"1.00\" data-mutedopacity=\"0.5\" data-placement=\"bottom\" data-placement-offset=\"0\" data-content-offset=\"262\" data-placement-touch=\"bottom\" data-placement-offset-touch=\"0\" data-transparent=\"\" data-shadow=\"0\" data-touch=\"1\" data-non-touch=\"1\" data-comments=\"0\" data-commentsbg=\"transparent\" data-location=\"page\" data-mutedfg=\"#006d91\" data-endfg=\"#006d91\" data-rtl=\"\">\n<h3 class=\"wp-block-heading\">Jair Bolsonaro considera apoiar candidato do PRTB em S\u00e3o Paulo e afirma que apoiar\u00e1 qualquer um contra Guilherme Boulos.<\/h3>\n<p>O ex-presidente Jair Bolsonaro (PL) afirmou que pode apoiar Pablo Mar\u00e7al (PRTB) em S\u00e3o Paulo caso Ricardo Nunes (MDB), candidato apoiado por ele no primeiro turno, n\u00e3o avance na disputa. Bolsonaro votou na manh\u00e3 deste domingo na Vila Militar, zona oeste do Rio de Janeiro.<\/p>\n<p>Ele disse que, em um eventual segundo turno com Guilherme Boulos (PSOL), apoiar\u00e1 qualquer candidato. \u201cEntrei na campanha do Nunes nos \u00faltimos 2 dias. Estive com o Mello Ara\u00fajo [candidato a vice de Nunes] e fizemos uma live sobre o que est\u00e1 acontecendo em S\u00e3o Paulo. Tem um fato novo, que \u00e9 o garoto do PRTB [Mar\u00e7al]. Bastante pol\u00eamico. Vamos ver o que o povo decide por l\u00e1\u2026 depende com quem [ao ser questionado se apoiaria Mar\u00e7al no 2\u00ba turno], contra o Boulos estou com qualquer um\u201d, afirmou.<\/p>\n<p>Bolsonaro expressou confian\u00e7a no avan\u00e7o do PL em diversas capitais. \u201cN\u00f3s vamos para o segundo turno em Manaus, Cuiab\u00e1, Fortaleza\u201d, afirmou.<\/p>\n<p>O ex-presidente tamb\u00e9m comentou suas viagens pelo pa\u00eds e desdenhou da popularidade do atual governo. \u201cRodei o Brasil, aceita\u00e7\u00e3o enorme. Lula, um l\u00edder popular sem o voto do povo\u201d, declarou.<\/p>\n<p>Durante a fala, o ex-presidente ouviu gritos de \u201cVolta, Bolsonaro\u201d vindos de eleitores que deixavam a se\u00e7\u00e3o eleitoral no Rio, e ele respondeu em tom de brincadeira. \u201cVou te dar o cach\u00ea a\u00ed depois, falou\u201d, disse Bolsonaro.<\/p>\n<h3 class=\"wp-block-heading\">Bolsonaro acompanha Ramagem<\/h3>\n<p>Depois de fazer as declara\u00e7\u00f5es, o ex-presidente acompanhou o candidato de seu partido no Rio de Janeiro, Alexandre Ramagem (PL), \u00e0 vota\u00e7\u00e3o no Col\u00e9gio Santa M\u00f4nica, na Barra da Tijuca.<\/p>\n<p>Ele reconheceu a dificuldade de Ramagem na busca de uma vaga no segundo turno, mas criticou o candidato \u00e0 reelei\u00e7\u00e3o Eduardo Paes (PSD).<\/p>\n<p>\u201c\u00c9 dif\u00edcil, mas temos esperan\u00e7a (do Ramagem no segundo turno). Espero que o pres\u00eddio n\u00e3o comemore nada hoje no tocante a Eduardo Paes. Eduardo Paes \u00e9 PT, e o PT \u00e9 isso a\u00ed que est\u00e1 no Brasil todo\u201d.<\/p>\n<p>Ramagem demonstrou confian\u00e7a. \u201cEstamos na expectativa de chegar bem ao segundo turno e virar a elei\u00e7\u00e3o. No Brasil inteiro, o PL est\u00e1 fazendo v\u00e1rios candidatos no segundo turno. Uma grande for\u00e7a chegando a\u00ed para as prefeituras, principalmente as capitais\u201d, disse o candidato.<\/p>\n<p>\u201cS\u00f3 estou h\u00e1 dois anos na vida p\u00fablica. Nossa candidatura est\u00e1 crescendo, sou cada vez mais conhecido. Se tivesse mais duas semanas de campanha a gente teria mais for\u00e7a para disputar\u201d, complementou Ramagem.<\/p>\n<p><strong><a href=\"https:\/\/www.gazetadopovo.com.br\/economia\/bolsonaro-diz-que-pode-apoiar-marcal-no-segundo-turno-em-sp-e-critica-paes-no-rj\/\">Source link<\/a><\/strong><\/p>\n<\/div>\n<p><br \/>\n<br \/><a href=\"https:\/\/paulofigueiredoshow.com\/bolsonaro-pode-apoiar-pablo-marcal-em-sao-paulo\/\">Source link <\/a><\/p>","protected":false},"excerpt":{"rendered":"<p>Jair Bolsonaro considera apoiar candidato do PRTB em S\u00e3o Paulo e afirma que apoiar\u00e1 qualquer um contra Guilherme Boulos. O ex-presidente Jair Bolsonaro (PL) afirmou que pode apoiar Pablo Mar\u00e7al&hellip;<\/p>","protected":false},"author":1,"featured_media":31912,"comment_status":"closed","ping_status":"open","sticky":false,"template":"","format":"standard","meta":{"content-type":"","footnotes":""},"categories":[16],"tags":[341,94,1408,315,25645],"class_list":["post-45499","post","type-post","status-publish","format-standard","has-post-thumbnail","hentry","category-noticias","tag-boulos","tag-contra","tag-eleicoes","tag-marcal","tag-turno"],"_links":{"self":[{"href":"https:\/\/tvbrazilusa.com\/pt\/wp-json\/wp\/v2\/posts\/45499","targetHints":{"allow":["GET"]}}],"collection":[{"href":"https:\/\/tvbrazilusa.com\/pt\/wp-json\/wp\/v2\/posts"}],"about":[{"href":"https:\/\/tvbrazilusa.com\/pt\/wp-json\/wp\/v2\/types\/post"}],"author":[{"embeddable":true,"href":"https:\/\/tvbrazilusa.com\/pt\/wp-json\/wp\/v2\/users\/1"}],"replies":[{"embeddable":true,"href":"https:\/\/tvbrazilusa.com\/pt\/wp-json\/wp\/v2\/comments?post=45499"}],"version-history":[{"count":1,"href":"https:\/\/tvbrazilusa.com\/pt\/wp-json\/wp\/v2\/posts\/45499\/revisions"}],"predecessor-version":[{"id":45500,"href":"https:\/\/tvbrazilusa.com\/pt\/wp-json\/wp\/v2\/posts\/45499\/revisions\/45500"}],"wp:featuredmedia":[{"embeddable":true,"href":"https:\/\/tvbrazilusa.com\/pt\/wp-json\/wp\/v2\/media\/31912"}],"wp:attachment":[{"href":"https:\/\/tvbrazilusa.com\/pt\/wp-json\/wp\/v2\/media?parent=45499"}],"wp:term":[{"taxonomy":"category","embeddable":true,"href":"https:\/\/tvbrazilusa.com\/pt\/wp-json\/wp\/v2\/categories?post=45499"},{"taxonomy":"post_tag","embeddable":true,"href":"https:\/\/tvbrazilusa.com\/pt\/wp-json\/wp\/v2\/tags?post=45499"}],"curies":[{"name":"wp","href":"https:\/\/api.w.org\/{rel}","templated":true}]}}