{"id":45536,"date":"2024-10-07T00:17:52","date_gmt":"2024-10-07T00:17:52","guid":{"rendered":"https:\/\/tvbrazilusa.com\/2024\/10\/07\/candidato-do-pl-em-maceio-apoiado-por-bolsonaro-e-lira-tem-votacao-impressionante\/"},"modified":"2024-10-07T00:17:53","modified_gmt":"2024-10-07T00:17:53","slug":"candidato-do-pl-em-maceio-apoiado-por-bolsonaro-e-lira-tem-votacao-impressionante","status":"publish","type":"post","link":"https:\/\/tvbrazilusa.com\/pt\/2024\/10\/07\/candidato-do-pl-em-maceio-apoiado-por-bolsonaro-e-lira-tem-votacao-impressionante\/","title":{"rendered":"Candidato do PL em Macei\u00f3 apoiado por Bolsonaro e Lira tem vota\u00e7\u00e3o impressionante"},"content":{"rendered":"<p> <script async src=\"https:\/\/pagead2.googlesyndication.com\/pagead\/js\/adsbygoogle.js?client=ca-pub-8864793242727901\"\r\n     crossorigin=\"anonymous\"><\/script><br \/>\n<br \/>Candidato do PL em Macei\u00f3 apoiado por Bolsonaro e Lira tem vota\u00e7\u00e3o impressionante<br \/>\n<br \/><br \/>\n<br \/><a href=\"https:\/\/diariodobrasilnoticias.com.br\/noticia\/candidato-do-pl-em-maceio-apoiado-por-bolsonaro-e-lira-tem-votacao-impressionante-670302fecf666\">Source link <\/a><\/p>","protected":false},"excerpt":{"rendered":"<p>Candidato do PL em Macei\u00f3 apoiado por Bolsonaro e Lira tem vota\u00e7\u00e3o impressionante Source link<\/p>","protected":false},"author":1,"featured_media":45537,"comment_status":"closed","ping_status":"open","sticky":false,"template":"","format":"standard","meta":{"content-type":"","footnotes":""},"categories":[16],"tags":[123,2448,5313,1267],"class_list":["post-45536","post","type-post","status-publish","format-standard","has-post-thumbnail","hentry","category-noticias","tag-brasil","tag-diario","tag-noticia","tag-noticias"],"_links":{"self":[{"href":"https:\/\/tvbrazilusa.com\/pt\/wp-json\/wp\/v2\/posts\/45536","targetHints":{"allow":["GET"]}}],"collection":[{"href":"https:\/\/tvbrazilusa.com\/pt\/wp-json\/wp\/v2\/posts"}],"about":[{"href":"https:\/\/tvbrazilusa.com\/pt\/wp-json\/wp\/v2\/types\/post"}],"author":[{"embeddable":true,"href":"https:\/\/tvbrazilusa.com\/pt\/wp-json\/wp\/v2\/users\/1"}],"replies":[{"embeddable":true,"href":"https:\/\/tvbrazilusa.com\/pt\/wp-json\/wp\/v2\/comments?post=45536"}],"version-history":[{"count":1,"href":"https:\/\/tvbrazilusa.com\/pt\/wp-json\/wp\/v2\/posts\/45536\/revisions"}],"predecessor-version":[{"id":45538,"href":"https:\/\/tvbrazilusa.com\/pt\/wp-json\/wp\/v2\/posts\/45536\/revisions\/45538"}],"wp:featuredmedia":[{"embeddable":true,"href":"https:\/\/tvbrazilusa.com\/pt\/wp-json\/wp\/v2\/media\/45537"}],"wp:attachment":[{"href":"https:\/\/tvbrazilusa.com\/pt\/wp-json\/wp\/v2\/media?parent=45536"}],"wp:term":[{"taxonomy":"category","embeddable":true,"href":"https:\/\/tvbrazilusa.com\/pt\/wp-json\/wp\/v2\/categories?post=45536"},{"taxonomy":"post_tag","embeddable":true,"href":"https:\/\/tvbrazilusa.com\/pt\/wp-json\/wp\/v2\/tags?post=45536"}],"curies":[{"name":"wp","href":"https:\/\/api.w.org\/{rel}","templated":true}]}}