{"id":45560,"date":"2024-10-06T23:53:31","date_gmt":"2024-10-06T23:53:31","guid":{"rendered":"https:\/\/tvbrazilusa.com\/2024\/10\/06\/curitibanos-desejam-mudanca-e-deram-recado-contra-velha-politica-diz-cristina-graeml-paulo-figueiredo\/"},"modified":"2024-10-07T02:02:27","modified_gmt":"2024-10-07T02:02:27","slug":"curitibanos-desejam-mudanca-e-deram-recado-contra-velha-politica-diz-cristina-graeml-paulo-figueiredo","status":"publish","type":"post","link":"https:\/\/tvbrazilusa.com\/pt\/2024\/10\/06\/curitibanos-desejam-mudanca-e-deram-recado-contra-velha-politica-diz-cristina-graeml-paulo-figueiredo\/","title":{"rendered":"Curitibanos desejam mudan\u00e7a e deram recado contra velha pol\u00edtica, diz Cristina Graeml &#8211; Paulo Figueiredo"},"content":{"rendered":"<p> <script async src=\"https:\/\/pagead2.googlesyndication.com\/pagead\/js\/adsbygoogle.js?client=ca-pub-8864793242727901\"\r\n     crossorigin=\"anonymous\"><\/script><br \/>\n<\/p>\n<div id=\"wtr-content\" data-bg=\"#FFFFFF\" data-fg=\"#006d91\" data-width=\"25\" data-mute=\"1\" data-fgopacity=\"1.00\" data-mutedopacity=\"0.5\" data-placement=\"bottom\" data-placement-offset=\"0\" data-content-offset=\"262\" data-placement-touch=\"bottom\" data-placement-offset-touch=\"0\" data-transparent=\"\" data-shadow=\"0\" data-touch=\"1\" data-non-touch=\"1\" data-comments=\"0\" data-commentsbg=\"transparent\" data-location=\"page\" data-mutedfg=\"#006d91\" data-endfg=\"#006d91\" data-rtl=\"\">\n<p>A candidata Cristina Graeml (PMB) surpreendeu na reta final da campanha \u00e0 prefeitura de Curitiba (PR) e disputar\u00e1 o segundo turno contra o atual vice-prefeito Eduardo Pimentel (PSD). Em entrevista exclusiva \u00e0\u00a0<strong>Gazeta do Povo<\/strong>, ela afirmou que os eleitores curitibanos demonstraram o forte desejo de mudan\u00e7a contra candidatos do \u201csistema\u201d.<\/p>\n<p>\u201cEssa \u00e9 uma vit\u00f3ria muito desejada, temos no\u00e7\u00e3o do desejo do curitibano por mudan\u00e7as e valores na gest\u00e3o p\u00fablica\u2026 Est\u00e1 surgindo um novo grupo pol\u00edtico no Paran\u00e1\u201d, disse a candidata a caminho do Tribunal Regional Eleitoral do Paran\u00e1 (TRE-PR).<\/p>\n<p>Graeml destacou que est\u00e1 grata aos eleitores que compartilham os mesmo valores e apoiam sua candidatura. \u201cO segundo turno \u00e9 outra elei\u00e7\u00e3o\u201d, apontou. Ela refor\u00e7ou que sofreu um processo de \u201casfixia de seu nome\u201d durante toda a campanha e conseguiu chegar ao segundo turno sem tempo de TV e \u201csem R$ 1 de dinheiro p\u00fablico\u201d.<\/p>\n<p>Apoiada pelo ex-presidente\u00a0Jair Bolsonaro\u00a0(PL) e por\u00a0Pablo Mar\u00e7al\u00a0(PRTB), candidato a prefeito de S\u00e3o Paulo (SP), a jornalista conseguiu 291.523 votos (31,17%), e Pimentel teve 313.347 votos (33,51%), com 1000% das urnas apuradas.<\/p>\n<p>Ela disse que o ex-presidente viu nela a \u201cleg\u00edtima representante dos conservadores em Curitiba\u201d e deu um \u201crecado bem claro\u201d ao n\u00e3o participar da campanha de Pimentel, apoiado pelo PL no estado. J\u00e1 o apoio de Mar\u00e7al veio ap\u00f3s conversas de bastidores entre os coordenadores de ambas campanhas.<\/p>\n<p>Cristina Graeml acredita que o atual vice-prefeito ter\u00e1 apoio da grande maioria dos candidatos que fazem parte da \u201cvelha pol\u00edtica\u201d no segundo turno. \u201cQuem o eleitor acha que o PT vai apoiar em Curitiba\u201d, questionou.<\/p>\n<p>Agora, Graeml afirmou que seguir\u00e1 trabalhando para \u201cfurar a bolha\u201d e tornar suas propostas mais conhecida na capital paranaense. Ela enfatizou que Pimentel mesmo estando \u201cdentro da m\u00e1quina p\u00fablica, com poder econ\u00f4mico, dinheiro do fundo eleitoral, apoio de raposas pol\u00edticas, ainda assim ficou praticamente empatado\u201d com ela.<\/p>\n<p>Apesar de\u00a0n\u00e3o ter tempo de televis\u00e3o\u00a0na propaganda eleitoral gratuita, Graeml tem forte presen\u00e7a nas redes sociais. Al\u00e9m disso, sua campanha depende de recursos pr\u00f3prios e doa\u00e7\u00f5es de apoiadores.<\/p>\n<p>Ela agradeceu o esfor\u00e7o de sua equipe durante a campanha e disse que enfrentar\u00e1 a disputa no segundo turno com firmeza e com a for\u00e7a demonstrada por seus eleitores.<\/p>\n<h2 class=\"wp-block-heading\">Cristina Graeml saiu do posto de azar\u00e3o para o 2\u00ba turno<\/h2>\n<p>Cristina Graeml se destacou no\u00a0\u00faltimo debate do primeiro turno, promovido pela RPC, na quinta-feira (3). Na ocasi\u00e3o, adotou as estrat\u00e9gias que vinha usando nas redes sociais e mirou no candidato de Ratinho e do atual prefeito Rafael Greca (PSD).<\/p>\n<p>O resultado do embate com Pimentel foi registrado na\u00a0\u00faltima pesquisa eleitoral divulgada neste s\u00e1bado (5) pela Quaest. O levantamento, contratado pela RPC, mostrou Graeml tecnicamente empatada na primeira coloca\u00e7\u00e3o com o vice-prefeito.<\/p>\n<p>Ele liderava a pesquisa somando 26% das inten\u00e7\u00f5es de voto, enquanto a candidata registrava 21%. Tamb\u00e9m h\u00e1 empate t\u00e9cnico na segunda posi\u00e7\u00e3o, uma vez que Luciano Ducci (PSB), em terceiro, obteve 18 pontos percentuais no levantamento. A margem de erro \u00e9 de 3 pontos percentuais, para mais ou para menos.<\/p>\n<p>Jornalista conhecida na capital paranaense, Cristina Graeml foi colunista da\u00a0<strong>Gazeta do Povo<\/strong>\u00a0at\u00e9 o in\u00edcio da campanha eleitoral, quando se afastou de suas atividades no jornal para se dedicar \u00e0 disputa.<\/p>\n<p><strong>Metodologia Quaest 5\/10:<\/strong>\u00a01.002 entrevistados pela Quaest entre os dias 4 e 5 de outubro de 2024. A pesquisa para a prefeitura de Curitiba foi contratada pela Sociedade R\u00e1dio Emissora Paranaense Ltda\/TV Paranaense. Confian\u00e7a: 95%. Margem de erro: 3 pontos percentuais. Registro no TSE n\u00ba PR-04399\/2024.<\/p>\n<p><strong><a href=\"https:\/\/www.gazetadopovo.com.br\/eleicoes\/2024\/curitiba-pr\/cristina-graeml-curitiba-segundo-turno\/\">Source link<\/a><\/strong><\/p>\n<\/div>\n<p><br \/>\n<br \/><a href=\"https:\/\/paulofigueiredoshow.com\/curitibanos-desejam-mudanca-e-deram-recado-contra-velha-politica-diz-cristina-graeml\/\">Source link <\/a><\/p>","protected":false},"excerpt":{"rendered":"<p>A candidata Cristina Graeml (PMB) surpreendeu na reta final da campanha \u00e0 prefeitura de Curitiba (PR) e disputar\u00e1 o segundo turno contra o atual vice-prefeito Eduardo Pimentel (PSD). Em entrevista&hellip;<\/p>","protected":false},"author":1,"featured_media":20333,"comment_status":"closed","ping_status":"open","sticky":false,"template":"","format":"standard","meta":{"content-type":"","footnotes":""},"categories":[16],"tags":[9356,9357,25684,25685,19327,8387],"class_list":["post-45560","post","type-post","status-publish","format-standard","has-post-thumbnail","hentry","category-noticias","tag-cristina-graeml","tag-curitiba","tag-pimentel","tag-pmb","tag-psd","tag-segundo"],"_links":{"self":[{"href":"https:\/\/tvbrazilusa.com\/pt\/wp-json\/wp\/v2\/posts\/45560","targetHints":{"allow":["GET"]}}],"collection":[{"href":"https:\/\/tvbrazilusa.com\/pt\/wp-json\/wp\/v2\/posts"}],"about":[{"href":"https:\/\/tvbrazilusa.com\/pt\/wp-json\/wp\/v2\/types\/post"}],"author":[{"embeddable":true,"href":"https:\/\/tvbrazilusa.com\/pt\/wp-json\/wp\/v2\/users\/1"}],"replies":[{"embeddable":true,"href":"https:\/\/tvbrazilusa.com\/pt\/wp-json\/wp\/v2\/comments?post=45560"}],"version-history":[{"count":1,"href":"https:\/\/tvbrazilusa.com\/pt\/wp-json\/wp\/v2\/posts\/45560\/revisions"}],"predecessor-version":[{"id":45561,"href":"https:\/\/tvbrazilusa.com\/pt\/wp-json\/wp\/v2\/posts\/45560\/revisions\/45561"}],"wp:featuredmedia":[{"embeddable":true,"href":"https:\/\/tvbrazilusa.com\/pt\/wp-json\/wp\/v2\/media\/20333"}],"wp:attachment":[{"href":"https:\/\/tvbrazilusa.com\/pt\/wp-json\/wp\/v2\/media?parent=45560"}],"wp:term":[{"taxonomy":"category","embeddable":true,"href":"https:\/\/tvbrazilusa.com\/pt\/wp-json\/wp\/v2\/categories?post=45560"},{"taxonomy":"post_tag","embeddable":true,"href":"https:\/\/tvbrazilusa.com\/pt\/wp-json\/wp\/v2\/tags?post=45560"}],"curies":[{"name":"wp","href":"https:\/\/api.w.org\/{rel}","templated":true}]}}