{"id":45580,"date":"2024-10-07T02:44:18","date_gmt":"2024-10-07T02:44:18","guid":{"rendered":"https:\/\/tvbrazilusa.com\/2024\/10\/07\/a-comunidade-judaica-de-connecticut-reflete-sobre-o-aniversario-da-guerra-israel-hamas\/"},"modified":"2024-10-07T02:49:14","modified_gmt":"2024-10-07T02:49:14","slug":"a-comunidade-judaica-de-connecticut-reflete-sobre-o-aniversario-da-guerra-israel-hamas","status":"publish","type":"post","link":"https:\/\/tvbrazilusa.com\/pt\/2024\/10\/07\/a-comunidade-judaica-de-connecticut-reflete-sobre-o-aniversario-da-guerra-israel-hamas\/","title":{"rendered":"A comunidade judaica de Connecticut reflete sobre o anivers\u00e1rio da guerra Israel\/Hamas"},"content":{"rendered":"<script async src=\"https:\/\/pagead2.googlesyndication.com\/pagead\/js\/adsbygoogle.js?client=ca-pub-8864793242727901\"\r\n     crossorigin=\"anonymous\"><\/script>\n<p>NEW HAVEN, Connecticut (WTNH) \u2013 \u00c0 medida que as tens\u00f5es aumentam no exterior antes do anivers\u00e1rio de um ano da invas\u00e3o do Hamas em Israel, tamb\u00e9m aumentam os apelos por mudan\u00e7as aqui em Connecticut.<\/p>\n<p>H\u00e1 uma d\u00fazia de reuni\u00f5es acontecendo neste fim de semana e segunda-feira para comemorar o sombrio anivers\u00e1rio. Domingo Voz Judaica pela Paz New Haven se reuniu para realizar um ritual especial hoje durante os Grandes Feriados Judaicos para lamentar os mortos em Israel, Gaza e agora no L\u00edbano.<\/p>\n<p>\u201cFoi um ano longo e doloroso\u201d, disse a cofundadora Shelly Altman.<\/p>\n<p>\u201cHoje comemoramos um ano de dor intranspon\u00edvel\u201d, disse a Coordenadora do Cap\u00edtulo Miranda Rector. <\/p>\n<p>Um momento de reflex\u00e3o, repara\u00e7\u00e3o e compromisso com o seu eu mais elevado.<\/p>\n<p>\u201cKel hiyim yikrim, que em hebraico significa que toda vida \u00e9 preciosa\u201d, disse Altman.<\/p>\n<p>As pessoas realizavam um ritual Tashlich no Quinnipiac River Park, jogando pedras na \u00e1gua para simbolizar a elimina\u00e7\u00e3o dos pecados.<\/p>\n<p>\u201c\u00c9 sempre um momento de reflex\u00e3o para a comunidade judaica do per\u00edodo de Rosh Hashan\u00e1 ao Yom Kippur\u201d, disse Altman. \u201cO que temos hoje \u00e9 uma mistura interessante de ritual judaico e ativismo pol\u00edtico, o que normalmente n\u00e3o acontece, normalmente voc\u00ea est\u00e1 em um espa\u00e7o ou outro.\u201d<\/p>\n<p>O ritual e o tempo entre as Grandes Festas tamb\u00e9m marcam um momento de luto enquanto o mundo reflecte sobre o anivers\u00e1rio de um ano do ataque do Hamas a Israel que levou \u00e0 guerra em Gaza. Esta tarde, a Voz Judaica pela Paz de New Haven apelou \u00e0 mudan\u00e7a, a um cessar-fogo e ao governo dos EUA para decretar um embargo de armas.<\/p>\n<p>\u201cMembros da comunidade judaica como eu n\u00e3o suportam mais isso\u201d, disse Rector. \u201cTer suas fam\u00edlias destru\u00eddas em meu nome \u00e9 o suficiente. O governo dos Estados Unidos continua a ser c\u00famplice ao enviar bilh\u00f5es e bilh\u00f5es de d\u00f3lares em armas para Israel\u201d.<\/p>\n<p>No m\u00eas passado, o senador Bernie Sanders apresentou uma resolu\u00e7\u00e3o para bloquear 20 mil milh\u00f5es de d\u00f3lares em vendas de armas a Israel. \u00c9 improv\u00e1vel que seja aprovado, mas \u00e9 a maior resist\u00eancia do Congresso at\u00e9 o momento.<\/p>\n<p>O l\u00edder da minoria no Senado estadual, Stephen Harding, enviou ao News 8 uma cita\u00e7\u00e3o dizendo em parte: &#8220;Connecticut continua a unir for\u00e7as com o povo de Israel. Todo o Senado Republicano Caucus apoia inabalavelmente Israel e sua capacidade de se defender. Honramos as mem\u00f3rias de as v\u00edtimas, e condenamos o anti-semitismo nos termos mais fortes.&#8221;<\/p>\n<p>Para comemorar o dia sombrio, v\u00e1rios eventos acontecer\u00e3o em Connecticut na segunda-feira, incluindo uma noite de lembran\u00e7a no Woodbridge JCC, uma cerim\u00f4nia com a Federa\u00e7\u00e3o Judaica da Grande Hartford em Beth El Temple em West Hartford e um evento de lembran\u00e7a e esperan\u00e7a em Greenwich, todos come\u00e7ando \u00e0s 19h.<\/p>\n<p>Esses eventos e os domingos em New Haven comemoram as dezenas de milhares de vidas perdidas e a press\u00e3o pela paz.<\/p>\n<p>\u201cEstamos fazendo isso pelos nossos descendentes, para que eles tenham um mundo melhor do que aquele em que vivemos agora\u201d, disse Rector. <\/p>\n<p><br \/>\n<br \/><a href=\"https:\/\/www.wtnh.com\/news\/connecticut\/new-haven\/connecticuts-jewish-community-reflects-on-the-anniversary-of-the-israel-hamas-war\/\">Source link <\/a><\/p>","protected":false},"excerpt":{"rendered":"<p>NEW HAVEN, Connecticut (WTNH) \u2013 \u00c0 medida que as tens\u00f5es aumentam no exterior antes do anivers\u00e1rio de um ano da invas\u00e3o do Hamas em Israel, tamb\u00e9m aumentam os apelos por&hellip;<\/p>","protected":false},"author":1,"featured_media":45581,"comment_status":"closed","ping_status":"open","sticky":false,"template":"","format":"standard","meta":{"content-type":"","footnotes":""},"categories":[1],"tags":[],"class_list":["post-45580","post","type-post","status-publish","format-standard","has-post-thumbnail","hentry","category-uncategorized"],"_links":{"self":[{"href":"https:\/\/tvbrazilusa.com\/pt\/wp-json\/wp\/v2\/posts\/45580","targetHints":{"allow":["GET"]}}],"collection":[{"href":"https:\/\/tvbrazilusa.com\/pt\/wp-json\/wp\/v2\/posts"}],"about":[{"href":"https:\/\/tvbrazilusa.com\/pt\/wp-json\/wp\/v2\/types\/post"}],"author":[{"embeddable":true,"href":"https:\/\/tvbrazilusa.com\/pt\/wp-json\/wp\/v2\/users\/1"}],"replies":[{"embeddable":true,"href":"https:\/\/tvbrazilusa.com\/pt\/wp-json\/wp\/v2\/comments?post=45580"}],"version-history":[{"count":1,"href":"https:\/\/tvbrazilusa.com\/pt\/wp-json\/wp\/v2\/posts\/45580\/revisions"}],"predecessor-version":[{"id":45582,"href":"https:\/\/tvbrazilusa.com\/pt\/wp-json\/wp\/v2\/posts\/45580\/revisions\/45582"}],"wp:featuredmedia":[{"embeddable":true,"href":"https:\/\/tvbrazilusa.com\/pt\/wp-json\/wp\/v2\/media\/45581"}],"wp:attachment":[{"href":"https:\/\/tvbrazilusa.com\/pt\/wp-json\/wp\/v2\/media?parent=45580"}],"wp:term":[{"taxonomy":"category","embeddable":true,"href":"https:\/\/tvbrazilusa.com\/pt\/wp-json\/wp\/v2\/categories?post=45580"},{"taxonomy":"post_tag","embeddable":true,"href":"https:\/\/tvbrazilusa.com\/pt\/wp-json\/wp\/v2\/tags?post=45580"}],"curies":[{"name":"wp","href":"https:\/\/api.w.org\/{rel}","templated":true}]}}