{"id":45614,"date":"2024-10-07T04:57:11","date_gmt":"2024-10-07T04:57:11","guid":{"rendered":"https:\/\/tvbrazilusa.com\/2024\/10\/07\/marcal-vota-sozinho-pouco-antes-do-fechamento-das-urnas\/"},"modified":"2024-10-07T04:57:12","modified_gmt":"2024-10-07T04:57:12","slug":"marcal-vota-sozinho-pouco-antes-do-fechamento-das-urnas","status":"publish","type":"post","link":"https:\/\/tvbrazilusa.com\/pt\/2024\/10\/07\/marcal-vota-sozinho-pouco-antes-do-fechamento-das-urnas\/","title":{"rendered":"Mar\u00e7al vota sozinho pouco antes do fechamento das urnas"},"content":{"rendered":"<p> <script async src=\"https:\/\/pagead2.googlesyndication.com\/pagead\/js\/adsbygoogle.js?client=ca-pub-8864793242727901\"\r\n     crossorigin=\"anonymous\"><\/script><br \/>\n<\/p>\n<div>\n<figure class=\"post-image\">\n<\/figure>\n<p><span style=\"font-size: 12px\">G1 Foto: Reprodu\u00e7\u00e3o\/TV Globo<\/span><\/p>\n<div id=\"taboola-read-more\" style=\"display:block; width:100%\">\n<p>O empres\u00e1rio <a class=\"\" href=\"https:\/\/g1.globo.com\/politica\/politico\/pablo-marcal\/\" data-mrf-link=\"https:\/\/g1.globo.com\/politica\/politico\/pablo-marcal\/\">Pablo Mar\u00e7al<\/a>, candidato \u00e0 Prefeitura de S\u00e3o Paulo pelo <a class=\"\" href=\"https:\/\/g1.globo.com\/politica\/partido\/prtb\/\" data-mrf-link=\"https:\/\/g1.globo.com\/politica\/partido\/prtb\/\">PRTB<\/a>, votou no primeiro turno das elei\u00e7\u00f5es na tarde deste domingo (6) no Centro Educacional Brand\u00e3o, em Moema, na Zona Sul da capital. Ele vestia bermuda e estava descal\u00e7o.<\/p>\n<article>\n<div class=\"wall protected-content\">\n<div id=\"chunk-b63h7\">\n<div class=\"mc-column content-text active-extra-styles\" data-block-type=\"unstyled\" data-block-weight=\"22\" data-block-id=\"5\">\n<p class=\"content-text__container\" data-track-category=\"Link no Texto\" data-track-links=\"\" data-mrf-recirculation=\"Article links\">Diferente dos outros concorrentes ao pleito, Mar\u00e7al preferiu votar \u00e0 tarde, chegando ao local apenas cinco minutos antes do fechamento das urnas.<\/p>\n<\/div>\n<\/div>\n<div id=\"chunk-4co5g\">\n<div class=\"mc-column content-text active-extra-styles\" data-block-type=\"unstyled\" data-block-weight=\"48\" data-block-id=\"6\">\n<p class=\"content-text__container\" data-track-category=\"Link no Texto\" data-track-links=\"\" data-mrf-recirculation=\"Article links\">Momentos antes do candidato chegar, a Alameda dos Tupiniquins foi tomada por uma multid\u00e3o de apoiadores. Boa parte utilizava o bon\u00e9 com um M, caracter\u00edstico da campanha de Mar\u00e7al. Outros eleitores do candidato se concentraram nos entornos, do outro lado da rua e perto dos carros estacionados.\n<\/p>\n<\/div>\n<\/div>\n<div id=\"chunk-1lt3k\">\n<div class=\"mc-column content-text active-extra-styles\" data-block-type=\"unstyled\" data-block-weight=\"14\" data-block-id=\"7\">\n<p class=\"content-text__container\" data-track-category=\"Link no Texto\" data-track-links=\"\" data-mrf-recirculation=\"Article links\">A Pol\u00edcia Militar interditou parte da Alameda dos Tupiniquins, onde a escola est\u00e1 localizada.\n<\/p>\n<\/div>\n<\/div>\n<div data-track-category=\"multicontent\" data-track-action=\"multicontent\" data-track-noninteraction=\"false\" data-track-scroll=\"ultimo chunk conteudo\" data-track-value=\"view\">\n<div id=\"chunk-5nhd5\">\n<div class=\"mc-column content-text active-extra-styles\" data-block-type=\"raw\" data-block-weight=\"60\" data-block-id=\"8\">\n<p class=\"content-text__container\" data-mrf-recirculation=\"Article links\">\u00a0\n<\/p>\n<blockquote class=\"content-blockquote theme-border-color-primary-before\"><p>&#8220;Na verdade eu marquei com a imprensa 16h30 e escolhi vim nesses \u00faltimos minutos. Vim descal\u00e7o para mostrar meu sentimento de como foi a persegui\u00e7\u00e3o nessa campanha eleitoral. Um candidato ficar sem seu \u00fanico meio nas \u00faltimas horas, uma decis\u00e3o completamente desproporcional. Decidi vim nos \u00faltimos minutos para falar que os \u00faltimos ser\u00e3o os primeiros&#8221;, declarou Mar\u00e7al ap\u00f3s a vota\u00e7\u00e3o.<\/p><\/blockquote>\n<\/div>\n<\/div>\n<\/div>\n<\/div>\n<\/article>\n<\/div>\n<p>\u00a0G1\u00a0<\/p>\n<\/p><\/div>\n<p><br \/>\n<br \/><a href=\"https:\/\/diariodobrasilnoticias.com.br\/noticia\/marcal-vota-sozinho-pouco-antes-do-fechamento-das-urnas-6702f0a46e40b\">Source link <\/a><\/p>","protected":false},"excerpt":{"rendered":"<p>G1 Foto: Reprodu\u00e7\u00e3o\/TV Globo O empres\u00e1rio Pablo Mar\u00e7al, candidato \u00e0 Prefeitura de S\u00e3o Paulo pelo PRTB, votou no primeiro turno das elei\u00e7\u00f5es na tarde deste domingo (6) no Centro Educacional&hellip;<\/p>","protected":false},"author":1,"featured_media":45615,"comment_status":"closed","ping_status":"open","sticky":false,"template":"","format":"standard","meta":{"content-type":"","footnotes":""},"categories":[16],"tags":[123,2448,5313,1267],"class_list":["post-45614","post","type-post","status-publish","format-standard","has-post-thumbnail","hentry","category-noticias","tag-brasil","tag-diario","tag-noticia","tag-noticias"],"_links":{"self":[{"href":"https:\/\/tvbrazilusa.com\/pt\/wp-json\/wp\/v2\/posts\/45614","targetHints":{"allow":["GET"]}}],"collection":[{"href":"https:\/\/tvbrazilusa.com\/pt\/wp-json\/wp\/v2\/posts"}],"about":[{"href":"https:\/\/tvbrazilusa.com\/pt\/wp-json\/wp\/v2\/types\/post"}],"author":[{"embeddable":true,"href":"https:\/\/tvbrazilusa.com\/pt\/wp-json\/wp\/v2\/users\/1"}],"replies":[{"embeddable":true,"href":"https:\/\/tvbrazilusa.com\/pt\/wp-json\/wp\/v2\/comments?post=45614"}],"version-history":[{"count":1,"href":"https:\/\/tvbrazilusa.com\/pt\/wp-json\/wp\/v2\/posts\/45614\/revisions"}],"predecessor-version":[{"id":45616,"href":"https:\/\/tvbrazilusa.com\/pt\/wp-json\/wp\/v2\/posts\/45614\/revisions\/45616"}],"wp:featuredmedia":[{"embeddable":true,"href":"https:\/\/tvbrazilusa.com\/pt\/wp-json\/wp\/v2\/media\/45615"}],"wp:attachment":[{"href":"https:\/\/tvbrazilusa.com\/pt\/wp-json\/wp\/v2\/media?parent=45614"}],"wp:term":[{"taxonomy":"category","embeddable":true,"href":"https:\/\/tvbrazilusa.com\/pt\/wp-json\/wp\/v2\/categories?post=45614"},{"taxonomy":"post_tag","embeddable":true,"href":"https:\/\/tvbrazilusa.com\/pt\/wp-json\/wp\/v2\/tags?post=45614"}],"curies":[{"name":"wp","href":"https:\/\/api.w.org\/{rel}","templated":true}]}}