{"id":45676,"date":"2024-10-07T12:48:08","date_gmt":"2024-10-07T12:48:08","guid":{"rendered":"https:\/\/tvbrazilusa.com\/2024\/10\/07\/quinze-capitais-vao-disputar-o-segundo-turno-veja-quais\/"},"modified":"2024-10-07T12:48:09","modified_gmt":"2024-10-07T12:48:09","slug":"quinze-capitais-vao-disputar-o-segundo-turno-veja-quais","status":"publish","type":"post","link":"https:\/\/tvbrazilusa.com\/pt\/2024\/10\/07\/quinze-capitais-vao-disputar-o-segundo-turno-veja-quais\/","title":{"rendered":"Quinze capitais v\u00e3o disputar o segundo turno; veja quais"},"content":{"rendered":"<p> <script async src=\"https:\/\/pagead2.googlesyndication.com\/pagead\/js\/adsbygoogle.js?client=ca-pub-8864793242727901\"\r\n     crossorigin=\"anonymous\"><\/script><br \/>\n<\/p>\n<div id=\"taboola-read-more\" style=\"display:block; width:100%\">\n<p>A disputa pela prefeitura vai avan\u00e7ar ao segundo turno em 15 capitais, dentre as 26 que estavam no pleito. A segunda vota\u00e7\u00e3o ser\u00e1 realizada no dia 27 de outubro.\n<\/p>\n<p>S\u00e3o elas:<\/p>\n<p>Aracaju (SE) &#8211; Emilia Correia (PL) e Luiz Roberto (PDT)<br \/>Bel\u00e9m (PA) &#8211; Igor (MDB) e Delegado Eder Mauro (PL)<br \/>Belo Horizonte (MG) &#8211; Bruno Engler (PL) e Fuad Noman (PSD)<br \/>Campo Grande (MS) &#8211; Adriane Lopes (PP) e Rose Modesto (Uni\u00e3o)<br \/>Cuiab\u00e1 (MT) &#8211; Ab\u00edlio (PL) e L\u00fadio (PT)<br \/>Curitiba (PR) &#8211; Eduardo Pimentel (PSD) e Cristina Graeml (PMB)<br \/>Fortaleza (CE) &#8211; Andr\u00e9 Fernandes (PL) e Evandro Leit\u00e3o (PT)<br \/>Goi\u00e2nia (GO) &#8211; Fred Rodrigues (PL) e Mabel (Uni\u00e3o)<br \/>Jo\u00e3o Pessoa (PB) &#8211; C\u00edcero Lucena (PP) e Marcelo Queiroga (PL)<br \/>Manaus (AM) &#8211; David Almeida (Avante) e Capit\u00e3o Alberto Neto (PL)<br \/>Natal (RN) &#8211; Paulinho Freire (Uni\u00e3o) e Nat\u00e1lia Bonavides (PT)<br \/>Palmas (TO) &#8211; Janad Valcari (PL) e Eduardo Siqueira Campos (Podemos)<br \/>Porto Alegre (RS) &#8211; Sebasti\u00e3o Melo (MDB) e Maria do Ros\u00e1rio (PT)<br \/>Porto Velho (RO) &#8211; Mariana Carvalho (Uni\u00e3o) e L\u00e9o (Podemos)<br \/>S\u00e3o Paulo (SP) &#8211; Ricardo Nunes (MDB) e Guilherme Boulos (Psol)\n<\/p>\n<p>Fonte: Gazeta do Povo <\/p>\n<\/div>\n<p><br \/>\n<br \/><a href=\"https:\/\/diariodobrasilnoticias.com.br\/noticia\/quinze-capitais-vao-disputar-o-segundo-turno-veja-quais-6703c9d049174\">Source link <\/a><\/p>","protected":false},"excerpt":{"rendered":"<p>A disputa pela prefeitura vai avan\u00e7ar ao segundo turno em 15 capitais, dentre as 26 que estavam no pleito. A segunda vota\u00e7\u00e3o ser\u00e1 realizada no dia 27 de outubro. S\u00e3o&hellip;<\/p>","protected":false},"author":1,"featured_media":45677,"comment_status":"closed","ping_status":"open","sticky":false,"template":"","format":"standard","meta":{"content-type":"","footnotes":""},"categories":[16],"tags":[123,2448,5313,1267],"class_list":["post-45676","post","type-post","status-publish","format-standard","has-post-thumbnail","hentry","category-noticias","tag-brasil","tag-diario","tag-noticia","tag-noticias"],"_links":{"self":[{"href":"https:\/\/tvbrazilusa.com\/pt\/wp-json\/wp\/v2\/posts\/45676","targetHints":{"allow":["GET"]}}],"collection":[{"href":"https:\/\/tvbrazilusa.com\/pt\/wp-json\/wp\/v2\/posts"}],"about":[{"href":"https:\/\/tvbrazilusa.com\/pt\/wp-json\/wp\/v2\/types\/post"}],"author":[{"embeddable":true,"href":"https:\/\/tvbrazilusa.com\/pt\/wp-json\/wp\/v2\/users\/1"}],"replies":[{"embeddable":true,"href":"https:\/\/tvbrazilusa.com\/pt\/wp-json\/wp\/v2\/comments?post=45676"}],"version-history":[{"count":1,"href":"https:\/\/tvbrazilusa.com\/pt\/wp-json\/wp\/v2\/posts\/45676\/revisions"}],"predecessor-version":[{"id":45678,"href":"https:\/\/tvbrazilusa.com\/pt\/wp-json\/wp\/v2\/posts\/45676\/revisions\/45678"}],"wp:featuredmedia":[{"embeddable":true,"href":"https:\/\/tvbrazilusa.com\/pt\/wp-json\/wp\/v2\/media\/45677"}],"wp:attachment":[{"href":"https:\/\/tvbrazilusa.com\/pt\/wp-json\/wp\/v2\/media?parent=45676"}],"wp:term":[{"taxonomy":"category","embeddable":true,"href":"https:\/\/tvbrazilusa.com\/pt\/wp-json\/wp\/v2\/categories?post=45676"},{"taxonomy":"post_tag","embeddable":true,"href":"https:\/\/tvbrazilusa.com\/pt\/wp-json\/wp\/v2\/tags?post=45676"}],"curies":[{"name":"wp","href":"https:\/\/api.w.org\/{rel}","templated":true}]}}