{"id":45685,"date":"2024-10-07T13:10:53","date_gmt":"2024-10-07T13:10:53","guid":{"rendered":"https:\/\/tvbrazilusa.com\/2024\/10\/07\/pablo-marcal-realiza-coletiva-de-imprensa-e-diz-que-vai-respeitar-a-vontade-das-urnas-veja-video\/"},"modified":"2024-10-07T13:10:54","modified_gmt":"2024-10-07T13:10:54","slug":"pablo-marcal-realiza-coletiva-de-imprensa-e-diz-que-vai-respeitar-a-vontade-das-urnas-veja-video","status":"publish","type":"post","link":"https:\/\/tvbrazilusa.com\/pt\/2024\/10\/07\/pablo-marcal-realiza-coletiva-de-imprensa-e-diz-que-vai-respeitar-a-vontade-das-urnas-veja-video\/","title":{"rendered":"Pablo Mar\u00e7al realiza coletiva de imprensa e diz que vai respeitar a vontade das urnas; VEJA V\u00cdDEO"},"content":{"rendered":"<p> <script async src=\"https:\/\/pagead2.googlesyndication.com\/pagead\/js\/adsbygoogle.js?client=ca-pub-8864793242727901\"\r\n     crossorigin=\"anonymous\"><\/script><br \/>\n<\/p>\n<div id=\"taboola-read-more\" style=\"display:block; width:100%\">\n<p>Terceiro colocado na disputa pela Prefeitura de S\u00e3o Paulo, Pablo Mar\u00e7al (PTRB) afirmou, neste domingo (6), que ir\u00e1 respeitar a vontade do povo nas urnas e que declarou que pretende concorrer nas elei\u00e7\u00f5es de 2026.<\/p>\n<p>Mar\u00e7al ainda anunciou que ir\u00e1 disputar um cargo no Executivo. \u201c2026 \u00e9 logo ali\u201d, afirmou.\n<\/p>\n<p>ASSISTA:<\/p>\n<p>Fonte: CNN Brasil <\/p>\n<\/div>\n<p><br \/>\n<br \/><a href=\"https:\/\/diariodobrasilnoticias.com.br\/noticia\/pablo-marcal-realiza-coletiva-de-imprensa-e-diz-que-vai-respeitar-a-vontade-das-urnas-veja-video-6703bdbdb08e7\">Source link <\/a><\/p>","protected":false},"excerpt":{"rendered":"<p>Terceiro colocado na disputa pela Prefeitura de S\u00e3o Paulo, Pablo Mar\u00e7al (PTRB) afirmou, neste domingo (6), que ir\u00e1 respeitar a vontade do povo nas urnas e que declarou que pretende&hellip;<\/p>","protected":false},"author":1,"featured_media":45686,"comment_status":"closed","ping_status":"open","sticky":false,"template":"","format":"standard","meta":{"content-type":"","footnotes":""},"categories":[16],"tags":[123,2448,5313,1267],"class_list":["post-45685","post","type-post","status-publish","format-standard","has-post-thumbnail","hentry","category-noticias","tag-brasil","tag-diario","tag-noticia","tag-noticias"],"_links":{"self":[{"href":"https:\/\/tvbrazilusa.com\/pt\/wp-json\/wp\/v2\/posts\/45685","targetHints":{"allow":["GET"]}}],"collection":[{"href":"https:\/\/tvbrazilusa.com\/pt\/wp-json\/wp\/v2\/posts"}],"about":[{"href":"https:\/\/tvbrazilusa.com\/pt\/wp-json\/wp\/v2\/types\/post"}],"author":[{"embeddable":true,"href":"https:\/\/tvbrazilusa.com\/pt\/wp-json\/wp\/v2\/users\/1"}],"replies":[{"embeddable":true,"href":"https:\/\/tvbrazilusa.com\/pt\/wp-json\/wp\/v2\/comments?post=45685"}],"version-history":[{"count":1,"href":"https:\/\/tvbrazilusa.com\/pt\/wp-json\/wp\/v2\/posts\/45685\/revisions"}],"predecessor-version":[{"id":45687,"href":"https:\/\/tvbrazilusa.com\/pt\/wp-json\/wp\/v2\/posts\/45685\/revisions\/45687"}],"wp:featuredmedia":[{"embeddable":true,"href":"https:\/\/tvbrazilusa.com\/pt\/wp-json\/wp\/v2\/media\/45686"}],"wp:attachment":[{"href":"https:\/\/tvbrazilusa.com\/pt\/wp-json\/wp\/v2\/media?parent=45685"}],"wp:term":[{"taxonomy":"category","embeddable":true,"href":"https:\/\/tvbrazilusa.com\/pt\/wp-json\/wp\/v2\/categories?post=45685"},{"taxonomy":"post_tag","embeddable":true,"href":"https:\/\/tvbrazilusa.com\/pt\/wp-json\/wp\/v2\/tags?post=45685"}],"curies":[{"name":"wp","href":"https:\/\/api.w.org\/{rel}","templated":true}]}}