{"id":45735,"date":"2024-10-07T15:03:38","date_gmt":"2024-10-07T15:03:38","guid":{"rendered":"https:\/\/tvbrazilusa.com\/2024\/10\/07\/pt-conta-apenas-com-dois-candidatos-no-2o-turno-no-abc-seu-berco-politico\/"},"modified":"2024-10-07T15:03:39","modified_gmt":"2024-10-07T15:03:39","slug":"pt-conta-apenas-com-dois-candidatos-no-2o-turno-no-abc-seu-berco-politico","status":"publish","type":"post","link":"https:\/\/tvbrazilusa.com\/pt\/2024\/10\/07\/pt-conta-apenas-com-dois-candidatos-no-2o-turno-no-abc-seu-berco-politico\/","title":{"rendered":"PT conta apenas com dois candidatos no 2\u00ba turno no ABC, seu ber\u00e7o pol\u00edtico"},"content":{"rendered":"<p> <script async src=\"https:\/\/pagead2.googlesyndication.com\/pagead\/js\/adsbygoogle.js?client=ca-pub-8864793242727901\"\r\n     crossorigin=\"anonymous\"><\/script><br \/>\n<\/p>\n<div id=\"taboola-read-more\" style=\"display:block; width:100%\">\n<p>A Grande S\u00e3o Paulo reelegeu pelo menos 11 prefeitos neste ano (conforme a apura\u00e7\u00e3o fechada at\u00e9 20h30) e se consolidou como um bloco de centro e de direita. Ber\u00e7o hist\u00f3rico do PT, pelo sindicalismo, o partido n\u00e3o conseguiu marcar posi\u00e7\u00e3o no ABC e s\u00f3 ir\u00e1 ao segundo turno em Diadema, com Filippi, ainda atr\u00e1s na vota\u00e7\u00e3o de Taka Yamauchi (PSDB); e em Mau\u00e1 com Marcelo Oliveira \u2013 que enfrentar\u00e1 \u00c1tila, do Uni\u00e3o Brasil.\n<\/p>\n<p>Ber\u00e7o do sindicalismo, o chamado ABC paulista abarca sete cidades. Entre elas, Santo Andr\u00e9, S\u00e3o Bernardo do Campo e S\u00e3o Caetano est\u00e3o hoje muito distantes da imagem de \u201ccidades-dormit\u00f3rios\u201d ou de munic\u00edpios onde durante muitos anos o PT reinou absoluto, em meio a gigantescas assembleias e atos que moldaram o pensamento dos trabalhadores da \u00e9poca.<\/p>\n<p>De toda a Grande S\u00e3o Paulo, uma das conjunturas mais dif\u00edceis para a esquerda est\u00e1 em Santo Andr\u00e9. Depois de uma administra\u00e7\u00e3o mal avaliada do PT, o PSDB j\u00e1 governa h\u00e1 dois mandatos com o economista Paulo Serra, que tende a eleger um aliado como sucessor. Gilvan (PSDB) aparecia na frente da apura\u00e7\u00e3o, com perspectiva de vit\u00f3ria. Em S\u00e3o Caetano, Tite Campanella (PL) levou no primeiro turno.\n<\/p>\n<p>Em S\u00e3o Bernardo, a disputa ficar\u00e1 entre Marcelo Lemos (Podemos) e Alex Manente (Cidadania). Outra desilus\u00e3o para o PT. Neste ano, a expectativa da legenda estava depositada no deputado estadual Luiz Fernando Teixeira, irm\u00e3o do atual ministro do Desenvolvimento Agr\u00e1rio e Agricultura Familiar, Paulo Teixeira. O presidente Luiz In\u00e1cio Lula da Silva (PT) chegou at\u00e9 a comparecer ao lan\u00e7amento da candidatura a prefeito do deputado. Mas ele ficou em terceiro, e a cidade de 850 mil habitantes prossegue sem gest\u00f5es petistas desde 2016.\n<\/p>\n<p>O PT esperava um cen\u00e1rio melhor. Mas a onda antipetista ganhou f\u00f4lego depois do impeachment da ex-presidente Dilma Rousseff (PT) e ficou mais forte ap\u00f3s a pris\u00e3o do ent\u00e3o ex-presidente Lula. O movimento sindical sofreu forte decl\u00ednio ap\u00f3s a reforma trabalhista feita no governo do ex-presidente Michel Temer (MDB). A perspectiva de retomar em parte o que j\u00e1 foi chamado de \u201ccintur\u00e3o vermelho\u201d, e auxiliou na elei\u00e7\u00e3o de 2022, n\u00e3o se revelou v\u00e1lida nesta elei\u00e7\u00e3o. No in\u00edcio do ano, o presidente provocou seus colegas do PT, pedindo para que refletissem sobre as derrotas anteriores, buscando resultados melhores.\n<\/p>\n<p>LULA<br \/>Lula votou na Escola Estadual Dr. Jo\u00e3o Firmino Correia de Ara\u00fajo, acompanhado por Teixeira, e pelos ministros das Rela\u00e7\u00f5es Institucionais, Alexandre Padilha, e do Trabalho, Luiz Marinho, al\u00e9m da primeira-dama, Ros\u00e2ngela da Silva, Janja.\n<\/p>\n<p>Ele afirmou que a elei\u00e7\u00e3o \u00e9 um momento da popula\u00e7\u00e3o mostrar o seu desejo e que, se houve erros na elei\u00e7\u00e3o presidencial, \u00e9 poss\u00edvel corrigir na elei\u00e7\u00e3o municipal e vice-versa.\n<\/p>\n<p>\u2013 Temos agora mentira, fake news e candidatos que s\u00f3 est\u00e3o a\u00ed para provocar \u2013 disse Lula.\n<\/p>\n<p>Em Ribeir\u00e3o Pires, a proje\u00e7\u00e3o at\u00e9 a noite deste domingo era de disputa entre PL (Guto Volpi) e Progressistas (Gabriel Roncon); e em Rio Grande da Serra, entre PSB (Akira Auriani) e Podemos (Marcelo Akira).\n<\/p>\n<p>BALAN\u00c7O<br \/>Considerando os 39 munic\u00edpios da principal regi\u00e3o administrativa do pa\u00eds, houve reelei\u00e7\u00e3o em Aruj\u00e1, Biritiba Mirim, Caieiras, Embu das Artes, Ferraz de Vasconcelos, Guararema, Itaquaquecetuba, Jandira, Mairipor\u00e3, Santa Isabel e S\u00e3o Louren\u00e7o da Serra. Nas demais cidades, ainda n\u00e3o havia sido fechado o processo total de apura\u00e7\u00e3o at\u00e9 as 20h30 deste domingo.\n<\/p>\n<p>*AE\n<\/p>\n<p>Fonte: Pleno News <\/p>\n<\/div>\n<p><br \/>\n<br \/><a href=\"https:\/\/diariodobrasilnoticias.com.br\/noticia\/pt-conta-apenas-com-dois-candidatos-no-2-turno-no-abc-seu-berco-politico-6703e4062ed86\">Source link <\/a><\/p>","protected":false},"excerpt":{"rendered":"<p>A Grande S\u00e3o Paulo reelegeu pelo menos 11 prefeitos neste ano (conforme a apura\u00e7\u00e3o fechada at\u00e9 20h30) e se consolidou como um bloco de centro e de direita. Ber\u00e7o hist\u00f3rico&hellip;<\/p>","protected":false},"author":1,"featured_media":45736,"comment_status":"closed","ping_status":"open","sticky":false,"template":"","format":"standard","meta":{"content-type":"","footnotes":""},"categories":[16],"tags":[123,2448,5313,1267],"class_list":["post-45735","post","type-post","status-publish","format-standard","has-post-thumbnail","hentry","category-noticias","tag-brasil","tag-diario","tag-noticia","tag-noticias"],"_links":{"self":[{"href":"https:\/\/tvbrazilusa.com\/pt\/wp-json\/wp\/v2\/posts\/45735","targetHints":{"allow":["GET"]}}],"collection":[{"href":"https:\/\/tvbrazilusa.com\/pt\/wp-json\/wp\/v2\/posts"}],"about":[{"href":"https:\/\/tvbrazilusa.com\/pt\/wp-json\/wp\/v2\/types\/post"}],"author":[{"embeddable":true,"href":"https:\/\/tvbrazilusa.com\/pt\/wp-json\/wp\/v2\/users\/1"}],"replies":[{"embeddable":true,"href":"https:\/\/tvbrazilusa.com\/pt\/wp-json\/wp\/v2\/comments?post=45735"}],"version-history":[{"count":1,"href":"https:\/\/tvbrazilusa.com\/pt\/wp-json\/wp\/v2\/posts\/45735\/revisions"}],"predecessor-version":[{"id":45737,"href":"https:\/\/tvbrazilusa.com\/pt\/wp-json\/wp\/v2\/posts\/45735\/revisions\/45737"}],"wp:featuredmedia":[{"embeddable":true,"href":"https:\/\/tvbrazilusa.com\/pt\/wp-json\/wp\/v2\/media\/45736"}],"wp:attachment":[{"href":"https:\/\/tvbrazilusa.com\/pt\/wp-json\/wp\/v2\/media?parent=45735"}],"wp:term":[{"taxonomy":"category","embeddable":true,"href":"https:\/\/tvbrazilusa.com\/pt\/wp-json\/wp\/v2\/categories?post=45735"},{"taxonomy":"post_tag","embeddable":true,"href":"https:\/\/tvbrazilusa.com\/pt\/wp-json\/wp\/v2\/tags?post=45735"}],"curies":[{"name":"wp","href":"https:\/\/api.w.org\/{rel}","templated":true}]}}