{"id":45753,"date":"2024-10-07T15:59:27","date_gmt":"2024-10-07T15:59:27","guid":{"rendered":"https:\/\/tvbrazilusa.com\/2024\/10\/07\/confira-a-lista-dos-vereadores-eleitos-na-cidade-de-sao-paulo\/"},"modified":"2024-10-07T15:59:29","modified_gmt":"2024-10-07T15:59:29","slug":"confira-a-lista-dos-vereadores-eleitos-na-cidade-de-sao-paulo","status":"publish","type":"post","link":"https:\/\/tvbrazilusa.com\/pt\/2024\/10\/07\/confira-a-lista-dos-vereadores-eleitos-na-cidade-de-sao-paulo\/","title":{"rendered":"Confira a lista dos vereadores eleitos na cidade de S\u00e3o Paulo"},"content":{"rendered":"<p> <script async src=\"https:\/\/pagead2.googlesyndication.com\/pagead\/js\/adsbygoogle.js?client=ca-pub-8864793242727901\"\r\n     crossorigin=\"anonymous\"><\/script><br \/>\n<\/p>\n<div>\n<figure class=\"post-image\">\n<\/figure>\n<p><span style=\"font-size: 12px\">Fotos: Pleno.News \/\/ Foto: Andr\u00e9 Bueno\/Rede C\u00e2mara \/\/ Reprodu\u00e7\u00e3o\/YouTube<\/span><\/p>\n<div id=\"taboola-read-more\" style=\"display:block; width:100%\">\n<p>Os eleitores da cidade de S\u00e3o Paulo definiram neste domingo (6) quais ser\u00e3o os 55 vereadores que far\u00e3o parte da pr\u00f3xima legislatura da C\u00e2mara Municipal da capital paulista a partir de 2025. A maior bancada da Casa ser\u00e1 do PT, com oito vereadores, seguido por PL, MDB e Uni\u00e3o Brasil, com sete parlamentares cada um.\n<\/p>\n<p>O candidato mais votado foi Lucas Pavanato, do PL, que recebeu 161 mil votos. Na segunda coloca\u00e7\u00e3o ficou Ana Carolina Oliveira, do Podemos, com 129 mil votos. Ana \u00e9 m\u00e3e de Isabela Nardoni, menina de 5 anos que morreu em 2008 ap\u00f3s cair de um pr\u00e9dio em S\u00e3o Paulo. O pai de Isabela, Alexandre Nardoni; e a madrasta da crian\u00e7a, Anna Carolina Jatob\u00e1, foram condenados pelo crime.<\/p>\n<p>Ao todo, 5.781.066 eleitores foram \u00e0s urnas e escolheram algum dos concorrentes na disputa pelo cargo.\n<\/p>\n<p>Confira a lista dos eleitos (por ordem de vota\u00e7\u00e3o):\n<\/p>\n<p>Lucas Pavanato (PL) \u2013 161.386 votos<br \/>Ana Carolina Oliveira (Podemos) \u2013 129.563 votos<br \/>Dr. Murillo Lima (PP) \u2013 113.820 votos<br \/>Sargento Nantes (PP) \u2013 112.484 votos<br \/>Amanda Paschoal (PSOL) \u2013 108.654 votos<br \/>Rubinho Nunes (Uni\u00e3o Brasil) \u2013 101.549 votos<br \/>Luna Zarattini (PT)- 100.921 votos<br \/>Luana Alves (PSOL) \u2013 83.262 votos<br \/>Dra. Sandra Tadeu (PL) \u2013 74.511 votos<br \/>Pastora Sandra Alves (Uni\u00e3o Brasil) \u2013 74.192 votos<br \/>Silv\u00e3o Leite (Uni\u00e3o Brasil)- 63.988 votos<br \/>Isac F\u00e9lix (PL) \u2013 62.275 votos<br \/>Zoe Martinez (PL) \u2013 60.272 votos<br \/>Gabriel Abreu (Podemos)- 58.581 votos<br \/>Rodrigo Goulart (PSD) \u2013 58.715 votos<br \/>Danilo do Posto de Sa\u00fade (Podemos)- 58.676 votos<br \/>Edir Sales (PSD) \u2013 58.190 votos<br \/>Alessandro Guedes (PT) \u2013 58.183 votos<br \/>Celso Giannazi (PSOL) \u2013 57.789 votos<br \/>Cris Monteiro (Novo) \u2013 56.904 votos<br \/>Silvinho (Uni\u00e3o Brasil)- 53.453 votos<br \/>Thammy Miranda (PSD) \u2013 50.234 votos<br \/>Nabil Bonduki (PT) \u2013 49.540 votos<br \/>Janaina Paschoal (PP) \u2013 48.893 votos<br \/>Fabio Riva (MDB) \u2013 44.627 votos<br \/>Major Palumbo (PSOL) \u2013 43.455 votos<br \/>Rute Costa (PL)- 43.090 votos<br \/>Sidney Cruz (MDB) \u2013 42.988 votos<br \/>George Hato (MDB) \u2013 42.837 votos<br \/>Sans\u00e3o Pereira (Republicanos) \u2013 42.229 votos<br \/>Andr\u00e9 Santos (Republicanos) \u2013 41.379 votos<br \/>H\u00e9lio Rodrigues (PT) \u2013 40.753 votos<br \/>Amanda Vettorazzo (Uni\u00e3o Brasil) \u2013 40.144 votos<br \/>Marcelo Messias (MDB)- 40.079 votos<br \/>Marina Bragante (Rede) \u2013 39.147 votos<br \/>Tripoli (PV)- 39.039 votos<br \/>Simone Ganem (Podemos) \u2013 38.540 votos<br \/>Sandra Santana (MDB) \u2013 38.326 votos<br \/>Jo\u00e3o Jorge (MDB) \u2013 36.296 votos<br \/>Ely Teruel (MDB) \u2013 35.622 votos<br \/>Professor Toninho Vespoli (PSOL) \u2013 34.735 votos<br \/>Silvia da Bancada Feminista (PSOL) \u2013 34.537 votos<br \/>Sonaira Fernandes (PL) \u2013 33.957 votos<br \/>Dr. Milton Ferreira (Podemos) \u2013 33.493 votos<br \/>Jo\u00e3o Ananias (PT) \u2013 33.225 votos<br \/>Kenji Palumbo (Podemos) \u2013 32.495 votos<br \/>Ricardo Teixeira (Uni\u00e3o Brasil)- 31.566 votos<br \/>Jair Tatto (PT)- 30.905 votos<br \/>Dheison (PT) \u2013 30.575 votos<br \/>Senival Moura (PT) \u2013 30.480 votos<br \/>Eliseu Gabriel (PSB) \u2013 30.706 votos<br \/>Renata Falzoni (PSB) \u2013 30.206 votos<br \/>Keit Lima (PSOL)- 27.769 votos<br \/>Adrilles Jorge (Uni\u00e3o Brasil) \u2013 25.038 votos<br \/>Gilberto Nascimento (PL) \u2013 22.306 votos\n<\/p>\n<p>Fonte: Pleno News <\/p>\n<\/div>\n<div class=\"row mt-3\">\n<div class=\"col-sm-6\">\n<p><a href=\"https:\/\/chat.whatsapp.com\/J6hwSKYns5B0XFowx2wZ0P\" target=\"_blank\" rel=\"noopener\"><br \/>\n<img decoding=\"async\" src=\"https:\/\/diariodobrasilnoticias.com.br\/assets-site\/images\/bot_whatsapp.png\"\/><\/a>\n<\/div>\n<div class=\"col-sm-6\">\n<a href=\"https:\/\/t.me\/+_4gTmi5LKo03OTM5\" target=\"_blank\" rel=\"noopener\"><br \/>\n<img decoding=\"async\" src=\"https:\/\/diariodobrasilnoticias.com.br\/assets-site\/images\/bot_telegram.png\"\/><\/a>\n<\/div>\n<\/div>\n<\/div>\n<p><br \/>\n<br \/><a href=\"https:\/\/diariodobrasilnoticias.com.br\/noticia\/confira-a-lista-dos-vereadores-eleitos-na-cidade-de-sao-paulo-6703e5ce3214e\">Source link <\/a><\/p>","protected":false},"excerpt":{"rendered":"<p>Fotos: Pleno.News \/\/ Foto: Andr\u00e9 Bueno\/Rede C\u00e2mara \/\/ Reprodu\u00e7\u00e3o\/YouTube Os eleitores da cidade de S\u00e3o Paulo definiram neste domingo (6) quais ser\u00e3o os 55 vereadores que far\u00e3o parte da pr\u00f3xima&hellip;<\/p>","protected":false},"author":1,"featured_media":45754,"comment_status":"closed","ping_status":"open","sticky":false,"template":"","format":"standard","meta":{"content-type":"","footnotes":""},"categories":[16],"tags":[123,2448,5313,1267],"class_list":["post-45753","post","type-post","status-publish","format-standard","has-post-thumbnail","hentry","category-noticias","tag-brasil","tag-diario","tag-noticia","tag-noticias"],"_links":{"self":[{"href":"https:\/\/tvbrazilusa.com\/pt\/wp-json\/wp\/v2\/posts\/45753","targetHints":{"allow":["GET"]}}],"collection":[{"href":"https:\/\/tvbrazilusa.com\/pt\/wp-json\/wp\/v2\/posts"}],"about":[{"href":"https:\/\/tvbrazilusa.com\/pt\/wp-json\/wp\/v2\/types\/post"}],"author":[{"embeddable":true,"href":"https:\/\/tvbrazilusa.com\/pt\/wp-json\/wp\/v2\/users\/1"}],"replies":[{"embeddable":true,"href":"https:\/\/tvbrazilusa.com\/pt\/wp-json\/wp\/v2\/comments?post=45753"}],"version-history":[{"count":1,"href":"https:\/\/tvbrazilusa.com\/pt\/wp-json\/wp\/v2\/posts\/45753\/revisions"}],"predecessor-version":[{"id":45755,"href":"https:\/\/tvbrazilusa.com\/pt\/wp-json\/wp\/v2\/posts\/45753\/revisions\/45755"}],"wp:featuredmedia":[{"embeddable":true,"href":"https:\/\/tvbrazilusa.com\/pt\/wp-json\/wp\/v2\/media\/45754"}],"wp:attachment":[{"href":"https:\/\/tvbrazilusa.com\/pt\/wp-json\/wp\/v2\/media?parent=45753"}],"wp:term":[{"taxonomy":"category","embeddable":true,"href":"https:\/\/tvbrazilusa.com\/pt\/wp-json\/wp\/v2\/categories?post=45753"},{"taxonomy":"post_tag","embeddable":true,"href":"https:\/\/tvbrazilusa.com\/pt\/wp-json\/wp\/v2\/tags?post=45753"}],"curies":[{"name":"wp","href":"https:\/\/api.w.org\/{rel}","templated":true}]}}