{"id":4576,"date":"2023-07-06T16:45:12","date_gmt":"2023-07-06T16:45:12","guid":{"rendered":"https:\/\/tvbrazilusa.com\/2023\/07\/06\/a-reforma-tributaria-do-pt\/"},"modified":"2023-07-06T16:45:12","modified_gmt":"2023-07-06T16:45:12","slug":"a-reforma-tributaria-do-pt","status":"publish","type":"post","link":"https:\/\/tvbrazilusa.com\/pt\/2023\/07\/06\/a-reforma-tributaria-do-pt\/","title":{"rendered":"A Reforma Tribut\u00e1ria do PT"},"content":{"rendered":"<p><iframe  width=\"580\" height=\"385\" src=\"https:\/\/www.youtube.com\/embed\/jcUCHM4GR_M?modestbranding=1\" frameborder=\"0\" allowfullscreen><\/iframe><br \/>\n<br \/>O Centr\u00e3o e a esquerda querem passar  a chamada &#8220;reforma tribut\u00e1ria&#8221; no afogadilho para que o povo n\u00e3o perceba que se trata de um BRUTAL AUMENTO DE IMPOSTOS, especialmente para o setor de servi\u00e7os, que \u00e9 o grande motor da economia.<\/p>\n<p>Al\u00e9m disso, o sistema ficar\u00e1 ainda mais centralizado.<\/p>\n<p>\u00c9 um retrocesso completo.<br \/>\n<br \/><a href=\"https:\/\/www.youtube.com\/watch?v=jcUCHM4GR_M\">source<\/a><\/p>","protected":false},"excerpt":{"rendered":"<p>O Centr\u00e3o e a esquerda querem passar a chamada &#8220;reforma tribut\u00e1ria&#8221; no afogadilho para que o povo n\u00e3o perceba que se trata de um BRUTAL AUMENTO DE IMPOSTOS, especialmente para&hellip;<\/p>","protected":false},"author":1,"featured_media":4577,"comment_status":"","ping_status":"open","sticky":false,"template":"","format":"standard","meta":{"content-type":"","footnotes":""},"categories":[1],"tags":[],"class_list":["post-4576","post","type-post","status-publish","format-standard","has-post-thumbnail","hentry","category-uncategorized"],"_links":{"self":[{"href":"https:\/\/tvbrazilusa.com\/pt\/wp-json\/wp\/v2\/posts\/4576","targetHints":{"allow":["GET"]}}],"collection":[{"href":"https:\/\/tvbrazilusa.com\/pt\/wp-json\/wp\/v2\/posts"}],"about":[{"href":"https:\/\/tvbrazilusa.com\/pt\/wp-json\/wp\/v2\/types\/post"}],"author":[{"embeddable":true,"href":"https:\/\/tvbrazilusa.com\/pt\/wp-json\/wp\/v2\/users\/1"}],"replies":[{"embeddable":true,"href":"https:\/\/tvbrazilusa.com\/pt\/wp-json\/wp\/v2\/comments?post=4576"}],"version-history":[{"count":0,"href":"https:\/\/tvbrazilusa.com\/pt\/wp-json\/wp\/v2\/posts\/4576\/revisions"}],"wp:featuredmedia":[{"embeddable":true,"href":"https:\/\/tvbrazilusa.com\/pt\/wp-json\/wp\/v2\/media\/4577"}],"wp:attachment":[{"href":"https:\/\/tvbrazilusa.com\/pt\/wp-json\/wp\/v2\/media?parent=4576"}],"wp:term":[{"taxonomy":"category","embeddable":true,"href":"https:\/\/tvbrazilusa.com\/pt\/wp-json\/wp\/v2\/categories?post=4576"},{"taxonomy":"post_tag","embeddable":true,"href":"https:\/\/tvbrazilusa.com\/pt\/wp-json\/wp\/v2\/tags?post=4576"}],"curies":[{"name":"wp","href":"https:\/\/api.w.org\/{rel}","templated":true}]}}