{"id":45793,"date":"2024-10-07T17:54:00","date_gmt":"2024-10-07T17:54:00","guid":{"rendered":"https:\/\/tvbrazilusa.com\/2024\/10\/07\/quando-comeca-a-votacao-antecipada-em-connecticut\/"},"modified":"2024-10-07T18:06:02","modified_gmt":"2024-10-07T18:06:02","slug":"quando-comeca-a-votacao-antecipada-em-connecticut","status":"publish","type":"post","link":"https:\/\/tvbrazilusa.com\/pt\/2024\/10\/07\/quando-comeca-a-votacao-antecipada-em-connecticut\/","title":{"rendered":"Quando come\u00e7a a vota\u00e7\u00e3o antecipada em Connecticut?"},"content":{"rendered":"<script async src=\"https:\/\/pagead2.googlesyndication.com\/pagead\/js\/adsbygoogle.js?client=ca-pub-8864793242727901\"\r\n     crossorigin=\"anonymous\"><\/script>\n<p>NEW HAVEN, Connecticut (WTNH) \u2013 News 8 \u00e9 a sua sede eleitoral local antes das elei\u00e7\u00f5es gerais de 5 de novembro. <\/p>\n<p>Abaixo, voc\u00ea encontrar\u00e1 tudo o que precisa saber sobre a vota\u00e7\u00e3o antecipada em Connecticut.<\/p>\n<div class=\"nlp-ignore-block article-content rich-text\">\n<aside class=\"promo-link\">\n\t<a href=\"https:\/\/www.wtnh.com\/news\/elections\/your-local-election-hq-connecticut-voter-guide-for-2024-general-election\/?ipid=promo-link-block1\" class=\"promo-link__link\"><\/p>\n<p>\t\tSua sede eleitoral local: guia do eleitor de Connecticut para as elei\u00e7\u00f5es gerais de 2024\t<\/a><br \/>\n<\/aside>\n<\/div>\n<h2 class=\"wp-block-heading\"><strong>\u2606<\/strong> <strong>Datas importantes<\/strong> <\/h2>\n<figure class=\"wp-block-table aligncenter\">\n<table>\n<tbody>\n<tr>\n<td class=\"has-text-align-center\" data-align=\"center\">4 de outubro<\/td>\n<td class=\"has-text-align-center\" data-align=\"center\">C\u00e9dulas de ausentes ficam dispon\u00edveis<\/td>\n<td class=\"has-text-align-center\" data-align=\"center\"><strong><a href=\"https:\/\/oabr-sots.ct.gov\/OABR\/absenteeBallotReqPortalHome.do\" target=\"_blank\" rel=\"noreferrer noopener\">Solicite uma vota\u00e7\u00e3o por correio online \u00bb<\/a><\/strong><br \/><strong><a href=\"https:\/\/portal.ct.gov\/sots\/election-services\/voter-information\/absentee-voting\" target=\"_blank\" rel=\"noreferrer noopener\">Baixe o aplicativo de vota\u00e7\u00e3o por correio \u00bb<\/a><\/strong><\/td>\n<\/tr>\n<tr>\n<td class=\"has-text-align-center\" data-align=\"center\">18 de outubro<\/td>\n<td class=\"has-text-align-center\" data-align=\"center\">\u00daltimo dia para se registrar para votar por correio ou online<\/td>\n<td class=\"has-text-align-center\" data-align=\"center\"><strong><a href=\"https:\/\/voterregistration.ct.gov\/OLVR\/welcome.do\" target=\"_blank\" rel=\"noreferrer noopener\">Registre-se para votar online \u00bb<\/a><\/strong><br \/><strong><a href=\"https:\/\/portal.ct.gov\/sots\/election-services\/register-to-vote\/voter-registration-application-english-and-spanish\" target=\"_blank\" rel=\"noreferrer noopener\">Registre-se para votar por correio \u00bb<\/a><\/strong><\/td>\n<\/tr>\n<tr>\n<td class=\"has-text-align-center\" data-align=\"center\">21 de outubro<\/td>\n<td class=\"has-text-align-center\" data-align=\"center\">Primeiro dia de vota\u00e7\u00e3o antecipada<\/td>\n<td class=\"has-text-align-center\" data-align=\"center\"><a href=\"https:\/\/portal.ct.gov\/sots\/election-services\/early-voting\/early-voting-locations---2024-general-election\" target=\"_blank\" rel=\"noreferrer noopener\"><strong>Encontre o seu local de vota\u00e7\u00e3o \u00bb<\/strong><\/a><\/td>\n<\/tr>\n<tr>\n<td class=\"has-text-align-center\" data-align=\"center\">3 de novembro<\/td>\n<td class=\"has-text-align-center\" data-align=\"center\">\u00daltimo dia de vota\u00e7\u00e3o antecipada<\/td>\n<td class=\"has-text-align-center\" data-align=\"center\"><a href=\"https:\/\/portal.ct.gov\/sots\/election-services\/early-voting\/early-voting-locations---2024-general-election\" target=\"_blank\" rel=\"noreferrer noopener\"><strong>Encontre o seu local de vota\u00e7\u00e3o \u00bb<\/strong><\/a><\/td>\n<\/tr>\n<tr>\n<td class=\"has-text-align-center\" data-align=\"center\">4 de novembro<\/td>\n<td class=\"has-text-align-center\" data-align=\"center\">\u00daltimo dia para solicitar voto ausente<\/td>\n<td class=\"has-text-align-center\" data-align=\"center\"><strong><a href=\"https:\/\/oabr-sots.ct.gov\/OABR\/absenteeBallotReqPortalHome.do\" target=\"_blank\" rel=\"noreferrer noopener\">Solicite uma vota\u00e7\u00e3o por correio online \u00bb<\/a><\/strong><br \/><a href=\"https:\/\/portal.ct.gov\/sots\/election-services\/voter-information\/absentee-voting\"><strong>Baixe o aplicativo de vota\u00e7\u00e3o por correio<\/strong> <strong>\u00bb<\/strong><\/a><\/td>\n<\/tr>\n<tr>\n<td class=\"has-text-align-center\" data-align=\"center\">5 de novembro<\/td>\n<td class=\"has-text-align-center\" data-align=\"center\">Dia de elei\u00e7\u00e3o! Vota\u00e7\u00f5es abertas das 6h \u00e0s 20h<\/td>\n<td class=\"has-text-align-center\" data-align=\"center\"><strong><a href=\"https:\/\/portaldir.ct.gov\/sots\/LookUp.aspx\" target=\"_blank\" rel=\"noreferrer noopener\">Encontre o seu local de vota\u00e7\u00e3o \u00bb<\/a><\/strong><\/td>\n<\/tr>\n<\/tbody>\n<\/table>\n<\/figure>\n<h2 class=\"wp-block-heading\"><strong>\u2606 Posso votar antecipadamente? <\/strong><\/h2>\n<p>Qualquer pessoa eleg\u00edvel para votar nas elei\u00e7\u00f5es gerais pode votar durante o <a href=\"https:\/\/portal.ct.gov\/-\/media\/sots\/education\/early-voting\/2024_digital_brochures\/english\/early_voting_2024_general_election_digital_brochure_english_color.pdf\" target=\"_blank\" rel=\"noreferrer noopener\">vota\u00e7\u00e3o antecipada<\/a> per\u00edodo.<\/p>\n<h2 class=\"wp-block-heading\"><strong>\u2606 Quando \u00e9 a vota\u00e7\u00e3o antecipada?<\/strong><\/h2>\n<p>  A vota\u00e7\u00e3o antecipada come\u00e7a 14 dias antes das elei\u00e7\u00f5es gerais, em 21 de outubro, e vai at\u00e9 3 de novembro, incluindo finais de semana.  <\/p>\n<h2 class=\"wp-block-heading\"><strong>\u2606 Hor\u00e1rio de vota\u00e7\u00e3o antecipada<\/strong><\/h2>\n<p>O hor\u00e1rio de vota\u00e7\u00e3o ser\u00e1 das 10h \u00e0s 18h, todos os dias, exceto nos dias 29 e 31 de outubro, quando ser\u00e1 estendido para 8h \u00e0s 20h. <\/p>\n<h2 class=\"wp-block-heading\"><strong>\u2606 Locais de vota\u00e7\u00e3o<\/strong><\/h2>\n<p>Os locais de vota\u00e7\u00e3o antecipada ser\u00e3o divulgados em <a href=\"https:\/\/portal.ct.gov\/sots\/election-services\/early-voting\/early-voting\" target=\"_blank\" rel=\"noreferrer noopener\">MeuVote.CT.gov<\/a> ou pode ser obtido ligando para 860-509-6200. <\/p>\n<h2 class=\"wp-block-heading\"><strong>\u2606<\/strong> <strong>Os locais de vota\u00e7\u00e3o s\u00e3o os mesmos no dia das elei\u00e7\u00f5es e durante a vota\u00e7\u00e3o antecipada?<\/strong> <\/h2>\n<p>N\u00e3o. <a href=\"https:\/\/portal.ct.gov\/sots\/election-services\/early-voting\/early-voting-locations---2024-general-election\" data-type=\"link\" data-id=\"https:\/\/portal.ct.gov\/sots\/election-services\/early-voting\/early-voting-locations---2024-general-election\" target=\"_blank\" rel=\"noreferrer noopener\">Locais de vota\u00e7\u00e3o antecipada<\/a> s\u00e3o provavelmente diferentes dos locais de vota\u00e7\u00e3o normais.<\/p>\n<p><br \/>\n<br \/><a href=\"https:\/\/www.wtnh.com\/news\/elections\/when-does-early-voting-start-in-connecticut\/\">Source link <\/a><\/p>","protected":false},"excerpt":{"rendered":"<p>NEW HAVEN, Connecticut (WTNH) \u2013 News 8 \u00e9 a sua sede eleitoral local antes das elei\u00e7\u00f5es gerais de 5 de novembro. Abaixo, voc\u00ea encontrar\u00e1 tudo o que precisa saber sobre&hellip;<\/p>","protected":false},"author":1,"featured_media":12349,"comment_status":"closed","ping_status":"open","sticky":false,"template":"","format":"standard","meta":{"content-type":"","footnotes":""},"categories":[1],"tags":[],"class_list":["post-45793","post","type-post","status-publish","format-standard","has-post-thumbnail","hentry","category-uncategorized"],"_links":{"self":[{"href":"https:\/\/tvbrazilusa.com\/pt\/wp-json\/wp\/v2\/posts\/45793","targetHints":{"allow":["GET"]}}],"collection":[{"href":"https:\/\/tvbrazilusa.com\/pt\/wp-json\/wp\/v2\/posts"}],"about":[{"href":"https:\/\/tvbrazilusa.com\/pt\/wp-json\/wp\/v2\/types\/post"}],"author":[{"embeddable":true,"href":"https:\/\/tvbrazilusa.com\/pt\/wp-json\/wp\/v2\/users\/1"}],"replies":[{"embeddable":true,"href":"https:\/\/tvbrazilusa.com\/pt\/wp-json\/wp\/v2\/comments?post=45793"}],"version-history":[{"count":1,"href":"https:\/\/tvbrazilusa.com\/pt\/wp-json\/wp\/v2\/posts\/45793\/revisions"}],"predecessor-version":[{"id":45794,"href":"https:\/\/tvbrazilusa.com\/pt\/wp-json\/wp\/v2\/posts\/45793\/revisions\/45794"}],"wp:featuredmedia":[{"embeddable":true,"href":"https:\/\/tvbrazilusa.com\/pt\/wp-json\/wp\/v2\/media\/12349"}],"wp:attachment":[{"href":"https:\/\/tvbrazilusa.com\/pt\/wp-json\/wp\/v2\/media?parent=45793"}],"wp:term":[{"taxonomy":"category","embeddable":true,"href":"https:\/\/tvbrazilusa.com\/pt\/wp-json\/wp\/v2\/categories?post=45793"},{"taxonomy":"post_tag","embeddable":true,"href":"https:\/\/tvbrazilusa.com\/pt\/wp-json\/wp\/v2\/tags?post=45793"}],"curies":[{"name":"wp","href":"https:\/\/api.w.org\/{rel}","templated":true}]}}