{"id":45804,"date":"2024-10-07T18:41:43","date_gmt":"2024-10-07T18:41:43","guid":{"rendered":"https:\/\/tvbrazilusa.com\/2024\/10\/07\/x-antiga-plataforma-twitter-pode-ser-restabelecido-nesta-semana-confira-a-data-prevista\/"},"modified":"2024-10-07T18:41:44","modified_gmt":"2024-10-07T18:41:44","slug":"x-antiga-plataforma-twitter-pode-ser-restabelecido-nesta-semana-confira-a-data-prevista","status":"publish","type":"post","link":"https:\/\/tvbrazilusa.com\/pt\/2024\/10\/07\/x-antiga-plataforma-twitter-pode-ser-restabelecido-nesta-semana-confira-a-data-prevista\/","title":{"rendered":"X, antiga plataforma Twitter, pode ser restabelecido nesta semana; confira a data prevista"},"content":{"rendered":"<p> <script async src=\"https:\/\/pagead2.googlesyndication.com\/pagead\/js\/adsbygoogle.js?client=ca-pub-8864793242727901\"\r\n     crossorigin=\"anonymous\"><\/script><br \/>\n<\/p>\n<div id=\"taboola-read-more\" style=\"display:block; width:100%\">\n<p>No Brasil de 2024, o tema da regula\u00e7\u00e3o das redes sociais nunca esteve t\u00e3o em alta. Isso se deve, em parte, ao recente bloqueio da plataforma X, anteriormente conhecida como Twitter, por ordem do ministro do Supremo Tribunal Federal, Alexandre de Moraes. Tal a\u00e7\u00e3o gerou debates acalorados sobre a liberdade de express\u00e3o e a necessidade de regulamenta\u00e7\u00f5es mais r\u00edgidas para as plataformas digitais.\n<\/p>\n<p>A expectativa \u00e9 que, nesta semana, a plataforma X, de Elon Musk, seja restabelecida. Segundo informa\u00e7\u00f5es do Metr\u00f3poles, a data prevista para isso \u00e9 a quarta-feira, dia 9 de outubro. A movimenta\u00e7\u00e3o come\u00e7ou quando Moraes ordenou \u00e0 Caixa Econ\u00f4mica a transfer\u00eancia de fundos para o STF, uma etapa que deve ser conclu\u00edda no in\u00edcio desta semana. Uma vez confirmada a transa\u00e7\u00e3o, o pr\u00f3ximo passo envolve o procurador-geral da Rep\u00fablica, Paulo Gonet, que deve se manifestar sobre a quest\u00e3o.<\/p>\n<p><strong>O que levou ao bloqueio da plataforma X?<\/strong><br \/>A quest\u00e3o central gira em torno dos conte\u00fados inadequados e das fake news que circulam na plataforma. O bloqueio foi uma resposta direta \u00e0s preocupa\u00e7\u00f5es do STF sobre a dissemina\u00e7\u00e3o de informa\u00e7\u00f5es falsas e discursos de \u00f3dio que podem influenciar a opini\u00e3o p\u00fablica e comprometer a democracia. Moraes, conhecido por sua postura rigorosa, decidiu agir de maneira a garantir a integridade do espa\u00e7o digital no pa\u00eds.<\/p>\n<p>Gonet tem um papel crucial neste cen\u00e1rio, e seus assessores acreditam que ele v\u00e1 se manifestar no in\u00edcio da semana. Com a press\u00e3o do tempo e da necessidade de decis\u00e3o, h\u00e1 uma forte expectativa para que seu parecer seja favor\u00e1vel ao restabelecimento da plataforma. Assim, a plataforma X poder\u00e1 voltar a operar, embora sob vigil\u00e2ncia mais r\u00edgida quanto ao conte\u00fado compartilhado.\n<\/p>\n<p><strong>O que muda na experi\u00eancia do usu\u00e1rio com as novas regulamenta\u00e7\u00f5es?<\/strong><br \/>A volta da plataforma n\u00e3o ser\u00e1 exatamente um retorno ao que era antes. H\u00e1 previs\u00f5es de que novas diretrizes sejam impostas, afetando diretamente a forma como os usu\u00e1rios interagem na plataforma. A \u00eanfase ser\u00e1 colocada na responsabilidade e no controle de informa\u00e7\u00f5es. Isso inclui:\n<\/p>\n<ul>\n<li>Monitoramento mais efetivo de conte\u00fados.<\/li>\n<li>Ado\u00e7\u00e3o de ferramentas de intelig\u00eancia artificial para identificar not\u00edcias falsas.<\/li>\n<li>Pol\u00edticas mais estritas para banimento de contas problem\u00e1ticas.<\/li>\n<\/ul>\n<p>O precedente estabelecido com o caso X desencadeia uma s\u00e9rie de quest\u00f5es para outras redes sociais. Plataformas como Facebook, Instagram e TikTok podem estar sujeitas a diretrizes semelhantes no futuro, conforme o Brasil e outros pa\u00edses buscam garantir que o espa\u00e7o digital n\u00e3o se torne uma terra sem lei.\n<\/p>\n<p>Fonte: Terra Brasil Not\u00edcias <\/p>\n<\/div>\n<p><br \/>\n<br \/><a href=\"https:\/\/diariodobrasilnoticias.com.br\/noticia\/x-antiga-plataforma-twitter-pode-ser-restabelecido-nesta-semana-confira-a-data-prevista-6703f343c5009\">Source link <\/a><\/p>","protected":false},"excerpt":{"rendered":"<p>No Brasil de 2024, o tema da regula\u00e7\u00e3o das redes sociais nunca esteve t\u00e3o em alta. Isso se deve, em parte, ao recente bloqueio da plataforma X, anteriormente conhecida como&hellip;<\/p>","protected":false},"author":1,"featured_media":45805,"comment_status":"closed","ping_status":"open","sticky":false,"template":"","format":"standard","meta":{"content-type":"","footnotes":""},"categories":[16],"tags":[123,2448,5313,1267],"class_list":["post-45804","post","type-post","status-publish","format-standard","has-post-thumbnail","hentry","category-noticias","tag-brasil","tag-diario","tag-noticia","tag-noticias"],"_links":{"self":[{"href":"https:\/\/tvbrazilusa.com\/pt\/wp-json\/wp\/v2\/posts\/45804","targetHints":{"allow":["GET"]}}],"collection":[{"href":"https:\/\/tvbrazilusa.com\/pt\/wp-json\/wp\/v2\/posts"}],"about":[{"href":"https:\/\/tvbrazilusa.com\/pt\/wp-json\/wp\/v2\/types\/post"}],"author":[{"embeddable":true,"href":"https:\/\/tvbrazilusa.com\/pt\/wp-json\/wp\/v2\/users\/1"}],"replies":[{"embeddable":true,"href":"https:\/\/tvbrazilusa.com\/pt\/wp-json\/wp\/v2\/comments?post=45804"}],"version-history":[{"count":1,"href":"https:\/\/tvbrazilusa.com\/pt\/wp-json\/wp\/v2\/posts\/45804\/revisions"}],"predecessor-version":[{"id":45806,"href":"https:\/\/tvbrazilusa.com\/pt\/wp-json\/wp\/v2\/posts\/45804\/revisions\/45806"}],"wp:featuredmedia":[{"embeddable":true,"href":"https:\/\/tvbrazilusa.com\/pt\/wp-json\/wp\/v2\/media\/45805"}],"wp:attachment":[{"href":"https:\/\/tvbrazilusa.com\/pt\/wp-json\/wp\/v2\/media?parent=45804"}],"wp:term":[{"taxonomy":"category","embeddable":true,"href":"https:\/\/tvbrazilusa.com\/pt\/wp-json\/wp\/v2\/categories?post=45804"},{"taxonomy":"post_tag","embeddable":true,"href":"https:\/\/tvbrazilusa.com\/pt\/wp-json\/wp\/v2\/tags?post=45804"}],"curies":[{"name":"wp","href":"https:\/\/api.w.org\/{rel}","templated":true}]}}