{"id":45810,"date":"2024-10-07T18:28:50","date_gmt":"2024-10-07T18:28:50","guid":{"rendered":"https:\/\/tvbrazilusa.com\/2024\/10\/07\/kassab-declara-alinhamento-com-tarcisio-e-critica-dependencia-da-esquerda-em-relacao-a-lula-paulo-figueiredo\/"},"modified":"2024-10-07T18:54:22","modified_gmt":"2024-10-07T18:54:22","slug":"kassab-declara-alinhamento-com-tarcisio-e-critica-dependencia-da-esquerda-em-relacao-a-lula-paulo-figueiredo","status":"publish","type":"post","link":"https:\/\/tvbrazilusa.com\/pt\/2024\/10\/07\/kassab-declara-alinhamento-com-tarcisio-e-critica-dependencia-da-esquerda-em-relacao-a-lula-paulo-figueiredo\/","title":{"rendered":"Kassab Declara Alinhamento com Tarc\u00edsio e Critica Depend\u00eancia da Esquerda em Rela\u00e7\u00e3o a Lula &#8211; Paulo Figueiredo"},"content":{"rendered":"<p> <script async src=\"https:\/\/pagead2.googlesyndication.com\/pagead\/js\/adsbygoogle.js?client=ca-pub-8864793242727901\"\r\n     crossorigin=\"anonymous\"><\/script><br \/>\n<\/p>\n<div id=\"wtr-content\" data-bg=\"#FFFFFF\" data-fg=\"#006d91\" data-width=\"25\" data-mute=\"1\" data-fgopacity=\"1.00\" data-mutedopacity=\"0.5\" data-placement=\"bottom\" data-placement-offset=\"0\" data-content-offset=\"262\" data-placement-touch=\"bottom\" data-placement-offset-touch=\"0\" data-transparent=\"\" data-shadow=\"0\" data-touch=\"1\" data-non-touch=\"1\" data-comments=\"0\" data-commentsbg=\"transparent\" data-location=\"page\" data-mutedfg=\"#006d91\" data-endfg=\"#006d91\" data-rtl=\"\">\n<p>O presidente nacional do PSD, Gilberto Kassab, afirmou recentemente que o seu projeto pol\u00edtico est\u00e1 focado no governador de S\u00e3o Paulo, Tarc\u00edsio de Freitas, e demonstrou uma vis\u00e3o clara para o futuro do cen\u00e1rio pol\u00edtico brasileiro. Segundo Kassab, Tarc\u00edsio tem potencial para n\u00e3o apenas ser reeleito em 2026 como governador de S\u00e3o Paulo, mas tamb\u00e9m se tornar um candidato natural \u00e0 presid\u00eancia da Rep\u00fablica em 2030. Em suas declara\u00e7\u00f5es, Kassab ainda criticou o que v\u00ea como uma depend\u00eancia da esquerda brasileira em torno da figura do ex-presidente Luiz In\u00e1cio Lula da Silva.<\/p>\n<p>Durante a entrevista, Kassab deixou claro que o PSD est\u00e1 focado em apoiar a trajet\u00f3ria pol\u00edtica de Tarc\u00edsio de Freitas. \u201cEu vou estar alinhado com um projeto que seja alinhado com o projeto do Tarc\u00edsio\u201d, afirmou o presidente do PSD, demonstrando que o partido est\u00e1 comprometido em dar suporte ao governador paulista nas pr\u00f3ximas elei\u00e7\u00f5es.<\/p>\n<p>Tarc\u00edsio de Freitas, ex-ministro da Infraestrutura do governo Jair Bolsonaro, se destacou por sua gest\u00e3o t\u00e9cnica e eficaz no comando de um dos estados mais importantes do Brasil. Kassab v\u00ea nele um l\u00edder em ascens\u00e3o e um nome promissor para o futuro da pol\u00edtica nacional. \u201cTem tudo para se reeleger governador e ser presidente em 2030\u201d, declarou Kassab, enfatizando que o atual governador de S\u00e3o Paulo \u00e9 o projeto pol\u00edtico de maior relev\u00e2ncia para o PSD no momento.<\/p>\n<p><strong>A Depend\u00eancia da Esquerda em Lula<\/strong><\/p>\n<p>Al\u00e9m de destacar o futuro promissor de Tarc\u00edsio, Kassab tamb\u00e9m teceu cr\u00edticas ao que v\u00ea como uma falta de renova\u00e7\u00e3o na lideran\u00e7a da esquerda brasileira. Para ele, a esquerda est\u00e1 \u201cref\u00e9m\u201d da figura de Lula, o que limita o surgimento de novos l\u00edderes e enfraquece a diversidade de op\u00e7\u00f5es no campo progressista. \u201cA esquerda brasileira continua girando em torno de Lula, sem conseguir produzir novas lideran\u00e7as fortes e independentes\u201d, afirmou Kassab.<\/p>\n<p>Essa depend\u00eancia, segundo o presidente do PSD, pode ser um problema para a esquerda a longo prazo. Embora Lula continue sendo uma figura central no cen\u00e1rio pol\u00edtico brasileiro, Kassab sugere que essa centraliza\u00e7\u00e3o de poder em uma \u00fanica pessoa impede a renova\u00e7\u00e3o e o surgimento de uma nova gera\u00e7\u00e3o de pol\u00edticos no campo progressista\/esquerda.<\/p>\n<figure class=\"wp-block-embed is-type-rich is-provider-twitter wp-block-embed-twitter\">\n<div class=\"wp-block-embed__wrapper\">\n<blockquote class=\"twitter-tweet\" data-width=\"550\" data-dnt=\"true\">\n<p lang=\"pt\" dir=\"ltr\">\ud83d\udea8AGORA \u2013 Kassab, presidente do PSD, diz que seu &#8216;projeto \u00e9 Tarc\u00edsio&#8217; e que esquerda \u00e9 ref\u00e9m da figura do Lula<\/p>\n<p>\u201cEu vou estar alinhado com um projeto que seja alinhado com o projeto do Tarc\u00edsio. Tem tudo para se reeleger governador e ser presidente em 2030\u201d <a href=\"https:\/\/t.co\/EtBnr4MZle\">pic.twitter.com\/EtBnr4MZle<\/a><\/p>\n<p>\u2014 SPACE LIBERDADE \uea00 (@NewsLiberdade) <a href=\"https:\/\/twitter.com\/NewsLiberdade\/status\/1843351978245795902?ref_src=twsrc%5Etfw\">October 7, 2024<\/a><\/p><\/blockquote>\n<\/div>\n<\/figure>\n<p><strong>O Cen\u00e1rio Pol\u00edtico para 2026 e 2030<\/strong><\/p>\n<p>Com as elei\u00e7\u00f5es de 2026 cada vez mais pr\u00f3ximas, a declara\u00e7\u00e3o de Kassab sugere que o PSD j\u00e1 est\u00e1 tra\u00e7ando um caminho claro de apoio \u00e0 reelei\u00e7\u00e3o de Tarc\u00edsio em S\u00e3o Paulo, ao mesmo tempo em que come\u00e7a a projetar sua lideran\u00e7a para um futuro papel nacional. Para Kassab, Tarc\u00edsio tem o perfil ideal para liderar o Brasil ap\u00f3s o t\u00e9rmino de seu segundo mandato como governador, em 2030.<\/p>\n<p>O apoio de Kassab e do PSD a Tarc\u00edsio \u00e9 significativo, uma vez que o partido desempenha um papel estrat\u00e9gico na pol\u00edtica brasileira, sendo um dos maiores partidos do centr\u00e3o. Al\u00e9m disso, Kassab \u00e9 conhecido por seu pragmatismo pol\u00edtico e por articular alian\u00e7as estrat\u00e9gicas que fortalecem as candidaturas de seus aliados.<\/p>\n<\/div>\n<p><script async src=\"\/\/platform.twitter.com\/widgets.js\" charset=\"utf-8\"><\/script><br \/>\n<br \/><br \/>\n<br \/><a href=\"https:\/\/paulofigueiredoshow.com\/kassab-declara-alinhamento-com-tarcisio-e-critica-dependencia-da-esquerda-em-relacao-a-lula\/\">Source link <\/a><\/p>","protected":false},"excerpt":{"rendered":"<p>O presidente nacional do PSD, Gilberto Kassab, afirmou recentemente que o seu projeto pol\u00edtico est\u00e1 focado no governador de S\u00e3o Paulo, Tarc\u00edsio de Freitas, e demonstrou uma vis\u00e3o clara para&hellip;<\/p>","protected":false},"author":1,"featured_media":45811,"comment_status":"closed","ping_status":"open","sticky":false,"template":"","format":"standard","meta":{"content-type":"","footnotes":""},"categories":[16],"tags":[25935,21531,95,20774,1375,7152,2236,19327,292],"class_list":["post-45810","post","type-post","status-publish","format-standard","has-post-thumbnail","hentry","category-noticias","tag-25935","tag-21531","tag-governador","tag-kassab","tag-meta","tag-planos","tag-presidente","tag-psd","tag-tarcisio"],"_links":{"self":[{"href":"https:\/\/tvbrazilusa.com\/pt\/wp-json\/wp\/v2\/posts\/45810","targetHints":{"allow":["GET"]}}],"collection":[{"href":"https:\/\/tvbrazilusa.com\/pt\/wp-json\/wp\/v2\/posts"}],"about":[{"href":"https:\/\/tvbrazilusa.com\/pt\/wp-json\/wp\/v2\/types\/post"}],"author":[{"embeddable":true,"href":"https:\/\/tvbrazilusa.com\/pt\/wp-json\/wp\/v2\/users\/1"}],"replies":[{"embeddable":true,"href":"https:\/\/tvbrazilusa.com\/pt\/wp-json\/wp\/v2\/comments?post=45810"}],"version-history":[{"count":1,"href":"https:\/\/tvbrazilusa.com\/pt\/wp-json\/wp\/v2\/posts\/45810\/revisions"}],"predecessor-version":[{"id":45812,"href":"https:\/\/tvbrazilusa.com\/pt\/wp-json\/wp\/v2\/posts\/45810\/revisions\/45812"}],"wp:featuredmedia":[{"embeddable":true,"href":"https:\/\/tvbrazilusa.com\/pt\/wp-json\/wp\/v2\/media\/45811"}],"wp:attachment":[{"href":"https:\/\/tvbrazilusa.com\/pt\/wp-json\/wp\/v2\/media?parent=45810"}],"wp:term":[{"taxonomy":"category","embeddable":true,"href":"https:\/\/tvbrazilusa.com\/pt\/wp-json\/wp\/v2\/categories?post=45810"},{"taxonomy":"post_tag","embeddable":true,"href":"https:\/\/tvbrazilusa.com\/pt\/wp-json\/wp\/v2\/tags?post=45810"}],"curies":[{"name":"wp","href":"https:\/\/api.w.org\/{rel}","templated":true}]}}