{"id":45831,"date":"2024-10-07T16:01:59","date_gmt":"2024-10-07T16:01:59","guid":{"rendered":"https:\/\/tvbrazilusa.com\/2024\/10\/07\/prefeito-e-morto-no-mexico-poucos-dias-apos-assumir-o-cargo-paulo-figueiredo\/"},"modified":"2024-10-07T20:07:04","modified_gmt":"2024-10-07T20:07:04","slug":"prefeito-e-morto-no-mexico-poucos-dias-apos-assumir-o-cargo-paulo-figueiredo","status":"publish","type":"post","link":"https:\/\/tvbrazilusa.com\/pt\/2024\/10\/07\/prefeito-e-morto-no-mexico-poucos-dias-apos-assumir-o-cargo-paulo-figueiredo\/","title":{"rendered":"Prefeito \u00e9 morto no M\u00e9xico poucos dias ap\u00f3s assumir o cargo &#8211; Paulo Figueiredo"},"content":{"rendered":"<p> <script async src=\"https:\/\/pagead2.googlesyndication.com\/pagead\/js\/adsbygoogle.js?client=ca-pub-8864793242727901\"\r\n     crossorigin=\"anonymous\"><\/script><br \/>\n<\/p>\n<div id=\"wtr-content\" data-bg=\"#FFFFFF\" data-fg=\"#006d91\" data-width=\"25\" data-mute=\"1\" data-fgopacity=\"1.00\" data-mutedopacity=\"0.5\" data-placement=\"bottom\" data-placement-offset=\"0\" data-content-offset=\"262\" data-placement-touch=\"bottom\" data-placement-offset-touch=\"0\" data-transparent=\"\" data-shadow=\"0\" data-touch=\"1\" data-non-touch=\"1\" data-comments=\"0\" data-commentsbg=\"transparent\" data-location=\"page\" data-mutedfg=\"#006d91\" data-endfg=\"#006d91\" data-rtl=\"\">\n<h3 class=\"wp-block-heading\">O prefeito da cidade de Chilpancingo, no estado mexicano de Guerrero, Alejandro Arcos Catal\u00e1n, foi assassinado<\/h3>\n<p>O prefeito da cidade de Chilpancingo, no estado mexicano de Guerrero, Alejandro Arcos Catal\u00e1n, foi assassinado por criminosos, neste domingo (6). O crime ocorre seis dias ap\u00f3s ele assumir o cargo de gestor municipal.<\/p>\n<p>A imprensa local e imagens das redes sociais associadas ao assassinato apontam que Arcos, de 43 anos, foi decapitado e sua cabe\u00e7a deixada em um ve\u00edculo, mas as autoridades ainda n\u00e3o confirmaram esse detalhe.<\/p>\n<p>O prefeito rec\u00e9m-empossado integrava o Partido Revolucion\u00e1rio Institucional (PRI), que classificou o crime como \u201ccovarde\u201d.<\/p>\n<p>\u201cChega de viol\u00eancia e impunidade! O povo de Guerrero n\u00e3o merece viver com medo\u201d, disse o PRI nas redes sociais.<\/p>\n<p>O presidente do partido, Alejandro Moreno, tamb\u00e9m se manifestou sobre o assassinato e lembrou que h\u00e1 apenas tr\u00eas dias haviam assassinado o secret\u00e1rio da mesma prefeitura, Francisco Tapia.<\/p>\n<p>\u201cEstavam no cargo h\u00e1 menos de uma semana. Funcion\u00e1rios jovens e honestos que buscavam progresso para a sua comunidade\u201d, disse Moreno.<\/p>\n<p>O estado de Guerrero, cuja capital \u00e9 Chilpancingo, \u00e9 considerado um dos mais atingidos pela viol\u00eancia dos cart\u00e9is de drogas devido \u00e0 localiza\u00e7\u00e3o estrat\u00e9gica na costa do Pac\u00edfico.<\/p>\n<p>Durante o per\u00edodo eleitoral, em mar\u00e7o deste ano, o M\u00e9xico viveu uma onda de viol\u00eancia sem precedentes, com mais de 30 candidatos assassinados.<\/p>\n<p>Em junho, um dia depois das elei\u00e7\u00f5es,\u00a0Yolanda S\u00e1nchez Figueroa, prefeita de Cotija, foi atacada e morta a tiros em plena via p\u00fablica por criminosos. Na ocasi\u00e3o, a imprensa mexicana associou o crime ao Cartel Nova Gera\u00e7\u00e3o de Jalisco (CJNG), que fazia amea\u00e7as constantes \u00e0 gestora p\u00fablica por se opor \u00e0 atividade criminosa na cidade.<\/p>\n<p><strong><a href=\"https:\/\/www.gazetadopovo.com.br\/mundo\/prefeito-e-morto-no-mexico-menos-de-uma-semana-apos-assumir-o-cargo\/\">Source link<\/a><\/strong><\/p>\n<\/div>\n<p><br \/>\n<br \/><a href=\"https:\/\/paulofigueiredoshow.com\/prefeito-e-morto-no-mexico-poucos-dias-apos-assumir-o-cargo\/\">Source link <\/a><\/p>","protected":false},"excerpt":{"rendered":"<p>O prefeito da cidade de Chilpancingo, no estado mexicano de Guerrero, Alejandro Arcos Catal\u00e1n, foi assassinado O prefeito da cidade de Chilpancingo, no estado mexicano de Guerrero, Alejandro Arcos Catal\u00e1n,&hellip;<\/p>","protected":false},"author":1,"featured_media":45832,"comment_status":"closed","ping_status":"open","sticky":false,"template":"","format":"standard","meta":{"content-type":"","footnotes":""},"categories":[16],"tags":[1265,25936,5607,411],"class_list":["post-45831","post","type-post","status-publish","format-standard","has-post-thumbnail","hentry","category-noticias","tag-assassinato","tag-cartel","tag-mexico","tag-prefeito"],"_links":{"self":[{"href":"https:\/\/tvbrazilusa.com\/pt\/wp-json\/wp\/v2\/posts\/45831","targetHints":{"allow":["GET"]}}],"collection":[{"href":"https:\/\/tvbrazilusa.com\/pt\/wp-json\/wp\/v2\/posts"}],"about":[{"href":"https:\/\/tvbrazilusa.com\/pt\/wp-json\/wp\/v2\/types\/post"}],"author":[{"embeddable":true,"href":"https:\/\/tvbrazilusa.com\/pt\/wp-json\/wp\/v2\/users\/1"}],"replies":[{"embeddable":true,"href":"https:\/\/tvbrazilusa.com\/pt\/wp-json\/wp\/v2\/comments?post=45831"}],"version-history":[{"count":1,"href":"https:\/\/tvbrazilusa.com\/pt\/wp-json\/wp\/v2\/posts\/45831\/revisions"}],"predecessor-version":[{"id":45833,"href":"https:\/\/tvbrazilusa.com\/pt\/wp-json\/wp\/v2\/posts\/45831\/revisions\/45833"}],"wp:featuredmedia":[{"embeddable":true,"href":"https:\/\/tvbrazilusa.com\/pt\/wp-json\/wp\/v2\/media\/45832"}],"wp:attachment":[{"href":"https:\/\/tvbrazilusa.com\/pt\/wp-json\/wp\/v2\/media?parent=45831"}],"wp:term":[{"taxonomy":"category","embeddable":true,"href":"https:\/\/tvbrazilusa.com\/pt\/wp-json\/wp\/v2\/categories?post=45831"},{"taxonomy":"post_tag","embeddable":true,"href":"https:\/\/tvbrazilusa.com\/pt\/wp-json\/wp\/v2\/tags?post=45831"}],"curies":[{"name":"wp","href":"https:\/\/api.w.org\/{rel}","templated":true}]}}