{"id":45849,"date":"2024-10-07T21:09:19","date_gmt":"2024-10-07T21:09:19","guid":{"rendered":"https:\/\/tvbrazilusa.com\/2024\/10\/07\/filhos-de-cid-moreira-entram-na-justica-apos-serem-deserdados-pelo-pai-em-testamento-entenda-embate-familiar\/"},"modified":"2024-10-07T21:09:20","modified_gmt":"2024-10-07T21:09:20","slug":"filhos-de-cid-moreira-entram-na-justica-apos-serem-deserdados-pelo-pai-em-testamento-entenda-embate-familiar","status":"publish","type":"post","link":"https:\/\/tvbrazilusa.com\/pt\/2024\/10\/07\/filhos-de-cid-moreira-entram-na-justica-apos-serem-deserdados-pelo-pai-em-testamento-entenda-embate-familiar\/","title":{"rendered":"Filhos de Cid Moreira entram na Justi\u00e7a ap\u00f3s serem deserdados pelo pai em testamento; entenda embate familiar"},"content":{"rendered":"<p> <script async src=\"https:\/\/pagead2.googlesyndication.com\/pagead\/js\/adsbygoogle.js?client=ca-pub-8864793242727901\"\r\n     crossorigin=\"anonymous\"><\/script><br \/>\n<\/p>\n<div id=\"taboola-read-more\" style=\"display:block; width:100%\">\n<p>O embate familiar que envolve Cid Moreira e os filhos, Rodrigo e Roger Moreira, ganhou um novo cap\u00edtulo ap\u00f3s a morte do apresentador na \u00faltima quinta, 3, aos 97 anos. Cid excluiu os filhos do testamento e Rodrigo e Roger entraram com um pedido de abertura do invent\u00e1rio do pai reclamando da decis\u00e3o. A informa\u00e7\u00e3o foi confirmada pelo advogado de Rodrigo e Roger, \u00c2ngelo Carbone, ao Estad\u00e3o neste domingo, 6.\n<\/p>\n<p>Em contato tamb\u00e9m com o Estad\u00e3o, o advogado Davi de Souza Salda\u00f1o, que representa F\u00e1tima Sampaio, vi\u00fava do apresentador, disse nesta segunda, 7, que o pedido de deserda\u00e7\u00e3o e exclus\u00e3o de Rodrigo e Roger do esp\u00f3lio de Cid foram feitos &#8220;pela indignidade prevista no c\u00f3digo civil&#8221;.<\/p>\n<p>Salda\u00f1o ainda chama de &#8220;a\u00e7\u00f5es infundadas&#8221; os embates promovidos pelos filhos do apresentador e afirma que ambos foram acusados pelo Minist\u00e9rio P\u00fablico pela pr\u00e1tica de &#8220;denuncia\u00e7\u00e3o caluniosa&#8221;. Leia a nota completa do advogado de F\u00e1tima Sampaio abaixo.\n<\/p>\n<p>Em v\u00eddeo enviado \u00e0 reportagem, Rodrigo Moreira diz que Cid Moreira &#8220;deixou de conhecer o melhor amigo dele, que sou eu&#8221;. Ele alega que o apresentador n\u00e3o quis tentar uma reaproxima\u00e7\u00e3o. &#8220;\u00c9 um buraco que vai ficar dentro de mim para sempre&#8221;, afirma.\n<\/p>\n<p>O pedido de abertura de invent\u00e1rio descreve que Rodrigo e Roger seriam &#8220;pobres na express\u00e3o da palavra&#8221;. Rodrigo afirma ter &#8220;resqu\u00edcios psicol\u00f3gicos da falta do pai&#8221; e realizar acompanhamento psicol\u00f3gico e psiqui\u00e1trico. J\u00e1 Roger diz que o pai o &#8220;deixou em uma situa\u00e7\u00e3o muito vulner\u00e1vel, que continua at\u00e9 hoje&#8221;. O advogado dos dois pede R$ 100 mil como valor da causa &#8220;at\u00e9 que seja apurado o patrim\u00f4nio do finado&#8221;.\n<\/p>\n<p>\u00c2ngelo Carbone ainda alega que F\u00e1tima n\u00e3o teria direito \u00e0 heran\u00e7a do apresentador por ter se casado com Cid em regime de separa\u00e7\u00e3o total de bens. O advogado da vi\u00fava afirma que o casamento se deu por separa\u00e7\u00e3o total de bens &#8220;em virtude da idade avan\u00e7ada&#8221; de Cid. &#8220;Justamente por isso, ele manifestou em testamento p\u00fablico, motivadamente, a vontade de deserdar os dois filhos, com base na indignidade prevista no C\u00f3digo Civil brasileiro, excluindo-os da sucess\u00e3o&#8221;, diz.\n<\/p>\n<p>Carbone afirma que Rodrigo e Roger n\u00e3o foram ao enterro de Cid Moreira &#8220;para n\u00e3o causar mais diverg\u00eancias&#8221;, mas disse que os dois ir\u00e3o celebrar uma missa de s\u00e9timo dia nesta ter\u00e7a, 8, na Catedral da S\u00e9, em S\u00e3o Paulo. &#8220;Eles perdoam o pai e agora s\u00f3 buscam os seus direitos, como qualquer herdeiro faria&#8221;, diz.\n<\/p>\n<p>Nota de Davi Salda\u00f1o, advogado de F\u00e1tima Sampaio<br \/>&#8220;N\u00e3o custa informar que advogo para o saudoso Cid Moreira e Maria de F\u00e1tima desde o ano de 2021, e me causa repulsa como profissional do Direito essas afirma\u00e7\u00f5es do filho adotivo Roger, principalmente diante da vasta documenta\u00e7\u00e3o produzida nos diversos processos que eles moveram contra o casal, entre outros tantos. Rodrigo, o filho biol\u00f3gico, chega ao c\u00famulo de afirmar em rede nacional que &#8216;o pai perdeu o melhor amigo do mundo&#8217;. Quem tem um amigo desses, e filhos assim, n\u00e3o precisa de inimigos, confira-se:\n<\/p>\n<p>Tempos atr\u00e1s, Roger vivia dizendo na internet que ajuizaria a\u00e7\u00e3o trabalhista contra seu genitor, o Sr.\u00ba Cid Moreira, com o objetivo de ver reconhecido o v\u00ednculo de emprego e, por consequ\u00eancia, requerer o pagamento das verbas rescis\u00f3rias a ele supostamente devidas, pelo tempo que &#8216;perdeu&#8217; e deixou de estudar, quando ainda ajudava Cid Moreira em seu est\u00fadio no apartamento localizado na Barra da Tijuca.\n<\/p>\n<p>Ademais, Roger Moreira e seu irm\u00e3o, Rodrigo Moreira, tamb\u00e9m ajuizaram a\u00e7\u00f5es aut\u00f4nomas pleiteando indeniza\u00e7\u00e3o por danos morais de cunho afetivo, cada qual atribuindo \u00e0 causa o valor de aproximadamente R$ 1 milh\u00e3o de reais. Tais pleitos foram totalmente julgados improcedentes.\n<\/p>\n<p>Na sequ\u00eancia, os irm\u00e3os passaram a imputar falsas acusa\u00e7\u00f5es contra Maria de F\u00e1tima Sampaio Moreira, vi\u00fava do Sr.\u00ba Cid Moreira, alegando a pr\u00e1tica de maus-tratos ao idoso, c\u00e1rcere privado, desvio patrimonial e outros delitos relacionados \u00e0 administra\u00e7\u00e3o do patrim\u00f4nio dele. Al\u00e9m de pleitearem a pris\u00e3o da vi\u00fava, os irm\u00e3os tamb\u00e9m ajuizaram den\u00fancia formal que culminou em uma acentuada investiga\u00e7\u00e3o policial.\n<\/p>\n<p>Todavia, em raz\u00e3o da inconsist\u00eancia das provas apresentadas, foi apurada a pr\u00e1tica de denuncia\u00e7\u00e3o caluniosa por parte dos filhos, sendo ambos denunciados pelo Minist\u00e9rio P\u00fablico por tais atos, estando o processo em curso na 1\u00aa Vara Criminal da Comarca de Petr\u00f3polis.\n<\/p>\n<p>Concomitantemente, Roger e Rodrigo ingressaram com a\u00e7\u00e3o de interdi\u00e7\u00e3o na vara de fam\u00edlia de Itaipava, requerendo, em car\u00e1ter liminar, o bloqueio de todos os bens de Cid Moreira e que Roger fosse nomeado tutor, alegando que o pai se encontrava em estado de senilidade, incapaz de gerir sua vida e seu patrim\u00f4nio.\n<\/p>\n<p>A alega\u00e7\u00e3o era pretensamente fundamentada na idade avan\u00e7ada de Cid, associada \u00e0 afirma\u00e7\u00e3o de que Maria de F\u00e1tima estaria &#8216;dopando&#8217; o marido para controlar suas finan\u00e7as, desviando valores para terceiros e planejando a interna\u00e7\u00e3o dele em um asilo, como a &#8216;Casa dos Artistas&#8217;, por exemplo. Al\u00e9m disso, foram feitas alega\u00e7\u00f5es de falsifica\u00e7\u00e3o de documentos e transfer\u00eancia patrimonial il\u00edcita, visando a coloca\u00e7\u00e3o dos bens de Cid em nome de Maria de F\u00e1tima, e at\u00e9 mesmo de seus familiares.\n<\/p>\n<p>O pedido liminar foi acertadamente negado pela Justi\u00e7a, com base em laudos periciais m\u00e9dicos anexados aos autos, al\u00e9m de audi\u00eancias de instru\u00e7\u00e3o e impress\u00e3o pessoal que demonstraram, de forma cabal, ainda no ano de 2022, principalmente por meio da prova oral, que Cid Moreira estava plenamente capaz de gerir seus pr\u00f3prios interesses.\n<\/p>\n<p>O idoso se encontrava em pleno gozo de suas faculdades mentais, inclusive continuando a exercer atividades laborais e assinado contratos. Posteriormente, durante o ano corrente, o m\u00e9rito da a\u00e7\u00e3o foi julgado improcedente pela Vara de Fam\u00edlia de Itaipava.\n<\/p>\n<p>Frustrados com o resultado da a\u00e7\u00e3o de interdi\u00e7\u00e3o, Roger e Rodrigo, por interm\u00e9dio de seus advogados, passaram a questionar a idoneidade de diversas autoridades envolvidas no processo, incluindo ju\u00edzes, promotores e delegados de pol\u00edcia da comarca de Petr\u00f3polis, sendo recha\u00e7ados em todas elas.\n<\/p>\n<p>A defesa dos filhos chegou ao ponto de contestar a capacidade dos m\u00e9dicos respons\u00e1veis pela elabora\u00e7\u00e3o dos laudos psiqui\u00e1tricos que atestavam a plena sanidade mental de Cid Moreira.\n<\/p>\n<p>Tais afirma\u00e7\u00f5es, no entanto, n\u00e3o encontraram amparo nos autos, uma vez que os profissionais possu\u00edam vasta qualifica\u00e7\u00e3o t\u00e9cnica e reconhecimento, at\u00e9 mesmo internacional, nas \u00e1reas em que atuavam.\n<\/p>\n<p>N\u00e3o obstante, Roger Moreira, em nova tentativa de desestabilizar a imagem de seu pai adotivo, formulou uma grave acusa\u00e7\u00e3o no final do ano de 2023, e outra em meados do ano corrente, afirmando que havia sido v\u00edtima de abusos sexuais praticados por ele, enquanto ainda possu\u00eda 14 anos, por mais de 1.400 vezes, e requereu a pris\u00e3o da pessoa que hoje, ap\u00f3s sua morte, diz &#8216;amar&#8217;.\n<\/p>\n<p>Ap\u00f3s an\u00e1lise atenta das provas e argumentos apresentados por ele, o judici\u00e1rio rejeitou a acusa\u00e7\u00e3o e determinou a extra\u00e7\u00e3o de c\u00f3pia com remessa ao Minist\u00e9rio P\u00fablico, para a devida apura\u00e7\u00e3o de poss\u00edvel pr\u00e1tica de denuncia\u00e7\u00e3o caluniosa por parte de Roger, procedimento que se encontra, atualmente, em tramita\u00e7\u00e3o perante a 2\u00aa Promotoria de Investiga\u00e7\u00e3o Penal da Barra da Tijuca.\n<\/p>\n<p>Todos esses fatos foram amplamente divulgados pela imprensa e reiterados pelos filhos do Cid, em conjunto com seu advogado, \u00c2ngelo Carbone, que nos parece adorar um sensacionalismo midi\u00e1tico. A narrativa constru\u00edda pelos filhos e por seu defensor foi manifestamente enviesada, com o objetivo de manipular a opini\u00e3o p\u00fablica, ocultando os resultados judiciais que foram desfavor\u00e1veis as suas obscuras pretens\u00f5es.\n<\/p>\n<p>Diante de tais persegui\u00e7\u00f5es incessantes, Cid Moreira se viu obrigado a pleitear medidas protetivas junto \u00e0 Vara da Inf\u00e2ncia, Juventude e Idoso da Comarca de Petr\u00f3polis, uma vez que, por raz\u00f5es obvias, n\u00e3o queria nenhum tipo de contato com seus &#8216;filhos&#8217;, principalmente o adotado.\n<\/p>\n<p>Foi solicitado o afastamento dos filhos, Roger e Rodrigo, e a proibi\u00e7\u00e3o de que mantivessem qualquer tipo de contato, direto ou indireto, com ele. O pleito foi deferido em rela\u00e7\u00e3o ao Sr.\u00ba Cid, mas indeferido quanto a Maria de F\u00e1tima, em raz\u00e3o de sua idade, naquela \u00e9poca, n\u00e3o alcan\u00e7ar a prote\u00e7\u00e3o prevista no Estatuto do Idoso.\n<\/p>\n<p>Maria de F\u00e1tima, ao longo dos mais de 23 anos de casamento com Cid, dedicou-se integralmente ao cuidado do marido, o que \u00e9 amplamente reconhecido por in\u00fameros familiares, amigos do casal, empregados e colaboradores que tiveram o privil\u00e9gio de conviver com eles. Testemunhas dispostas a atestar o carinho e dedica\u00e7\u00e3o de F\u00e1tima, e sempre estiveram prontas a depor a favor dela.\n<\/p>\n<p>No fim de sua vida, o Sr. Cid, j\u00e1 bastante debilitado, passou por diversos tratamentos m\u00e9dicos, sendo que, uma semana antes de sua interna\u00e7\u00e3o final, ele j\u00e1 havia buscado atendimento para tratar um princ\u00edpio de trombose, o que o obrigou a utilizar cadeira de rodas.\n<\/p>\n<p>A esposa, Maria de F\u00e1tima, adequou toda a estrutura da casa para garantir-lhe todo conforto necess\u00e1rio. Cid permaneceu internado por 29 dias antes de falecer, sendo assistido em tempo integral por sua esposa durante todo esse per\u00edodo, que n\u00e3o acreditava e n\u00e3o queria seu f\u00e1tico evento.\n<\/p>\n<p>Cid manifestou em rede nacional, tempos antes de seu falecimento, o desejo de ser enterrado ao lado de sua primeira esposa, filha e neto, pedido que foi integralmente respeitado por Maria de F\u00e1tima.\n<\/p>\n<p>O vel\u00f3rio e enterro duraram quase tr\u00eas dias, e, mesmo com a extin\u00e7\u00e3o da medida protetiva devido a morte de Cid, Roger e Rodrigo n\u00e3o compareceram \u00e0s cerim\u00f4nias, sob controversos argumentos, embora tivessem plena liberdade para faz\u00ea-lo.\n<\/p>\n<p>Curiosamente, no entanto, poucas horas ap\u00f3s o falecimento de Cid, os irm\u00e3os j\u00e1 haviam ingressado com o pedido de abertura de invent\u00e1rio, solicitando inclusive gratuidade de justi\u00e7a, o que se revela incoerente frente \u00e0s alega\u00e7\u00f5es p\u00fablicas de Roger, que afirma ser um cabeleireiro renomado, atendendo mais de 60 artistas famosos, requerendo que lhe fosse dada a inventarian\u00e7a para que administrasse os bens do pai, o que, por si s\u00f3, j\u00e1 \u00e9 uma aberra\u00e7\u00e3o eivada de esc\u00e1rnio.\n<\/p>\n<p>Al\u00e9m disso, Roger e Rodrigo negaram conhecimento de um testamento deixado por Cid, que os deserdava pela referida indignidade excluindo eles da heran\u00e7a, informa\u00e7\u00e3o essa que pode ser facilmente verificada e comprovada pelos testamentos anteriores, o que era not\u00f3rio entre eles. Ao longo de todo esse processo, os filhos de Cid agiram de forma a manchar a imagem do pai e de sua esposa pelo Brasil afora, alimentando falsas narrativas e imputando crimes inexistentes, em clara tentativa de obter vantagem econ\u00f4mica.\n<\/p>\n<p>Assim, diante de todo o exposto, resta a seguinte reflex\u00e3o, acompanhada da maioria dos brasileiros: quem, em tal cen\u00e1rio, acolheria filhos indignos que, ao inv\u00e9s de zelar pela integridade emocional e f\u00edsica do pai, lan\u00e7am-se em cruzada de falsidades para obter proveito patrimonial em busca do vil metal? Sendo essa a b\u00fassola das suas alucinadas orienta\u00e7\u00f5es. Acredita-se que ningu\u00e9m!&#8221;\n<\/p>\n<p><strong>Entenda o caso<\/strong><br \/>A rela\u00e7\u00e3o de Cid com os filhos sempre foi conturbada. O jornalista se afastou de Rodrigo desde sua separa\u00e7\u00e3o de Olga Ver\u00f4nica Radenzev, encontrando-o poucas vezes enquanto ele crescia. J\u00e1 Roger, adotado pelo apresentador aos 20 anos, revelou ter sido deserdado pelo pai adotivo ap\u00f3s se assumir homossexual.\n<\/p>\n<p>O primeiro processo de Rodrigo contra Cid come\u00e7ou em 2006, quando o comerciante entrou na Justi\u00e7a pedindo R$ 1 milh\u00e3o por abandono afetivo do pai. Ele perdeu a a\u00e7\u00e3o e n\u00e3o tentou mais se reaproximar do ex-\u00e2ncora do Jornal Nacional.\n<\/p>\n<p>J\u00e1 Roger entrou na Justi\u00e7a contra o pai por homofobia, abandono afetivo e evas\u00e3o escolar, afirmando que Cid o teria incentivado a deixar os estudos.\n<\/p>\n<p>Em 2021, os dois filhos do apresentador entraram com um processo na Justi\u00e7a que pedia a interdi\u00e7\u00e3o de Cid Moreira e a pris\u00e3o de F\u00e1tima Moreira, alegando que a madrasta teria transferido cerca de R$ 40 milh\u00f5es do marido para a pr\u00f3pria conta e de parentes, al\u00e9m de ter vendido diversos im\u00f3veis do c\u00f4njuge e supostamente mant\u00ea-lo em c\u00e1rcere privado. Tanto Cid quanto F\u00e1tima negaram as acusa\u00e7\u00f5es. Roger e Rodrigo perderam os processos.\n<\/p>\n<p>Fonte: Reda\u00e7\u00e3o Terra <\/p>\n<\/div>\n<p><br \/>\n<br \/><a href=\"https:\/\/diariodobrasilnoticias.com.br\/noticia\/filhos-de-cid-moreira-entram-na-justica-apos-serem-deserdados-pelo-pai-em-testamento-entenda-embate-familiar-670435450c6a4\">Source link <\/a><\/p>","protected":false},"excerpt":{"rendered":"<p>O embate familiar que envolve Cid Moreira e os filhos, Rodrigo e Roger Moreira, ganhou um novo cap\u00edtulo ap\u00f3s a morte do apresentador na \u00faltima quinta, 3, aos 97 anos.&hellip;<\/p>","protected":false},"author":1,"featured_media":45850,"comment_status":"closed","ping_status":"open","sticky":false,"template":"","format":"standard","meta":{"content-type":"","footnotes":""},"categories":[16],"tags":[123,2448,5313,1267],"class_list":["post-45849","post","type-post","status-publish","format-standard","has-post-thumbnail","hentry","category-noticias","tag-brasil","tag-diario","tag-noticia","tag-noticias"],"_links":{"self":[{"href":"https:\/\/tvbrazilusa.com\/pt\/wp-json\/wp\/v2\/posts\/45849","targetHints":{"allow":["GET"]}}],"collection":[{"href":"https:\/\/tvbrazilusa.com\/pt\/wp-json\/wp\/v2\/posts"}],"about":[{"href":"https:\/\/tvbrazilusa.com\/pt\/wp-json\/wp\/v2\/types\/post"}],"author":[{"embeddable":true,"href":"https:\/\/tvbrazilusa.com\/pt\/wp-json\/wp\/v2\/users\/1"}],"replies":[{"embeddable":true,"href":"https:\/\/tvbrazilusa.com\/pt\/wp-json\/wp\/v2\/comments?post=45849"}],"version-history":[{"count":1,"href":"https:\/\/tvbrazilusa.com\/pt\/wp-json\/wp\/v2\/posts\/45849\/revisions"}],"predecessor-version":[{"id":45851,"href":"https:\/\/tvbrazilusa.com\/pt\/wp-json\/wp\/v2\/posts\/45849\/revisions\/45851"}],"wp:featuredmedia":[{"embeddable":true,"href":"https:\/\/tvbrazilusa.com\/pt\/wp-json\/wp\/v2\/media\/45850"}],"wp:attachment":[{"href":"https:\/\/tvbrazilusa.com\/pt\/wp-json\/wp\/v2\/media?parent=45849"}],"wp:term":[{"taxonomy":"category","embeddable":true,"href":"https:\/\/tvbrazilusa.com\/pt\/wp-json\/wp\/v2\/categories?post=45849"},{"taxonomy":"post_tag","embeddable":true,"href":"https:\/\/tvbrazilusa.com\/pt\/wp-json\/wp\/v2\/tags?post=45849"}],"curies":[{"name":"wp","href":"https:\/\/api.w.org\/{rel}","templated":true}]}}